{"id":47919,"date":"2019-10-30T20:01:58","date_gmt":"2019-10-30T23:01:58","guid":{"rendered":"http:\/\/blogdoedvaldomagalhaes.com.br\/?p=47919"},"modified":"2019-10-30T20:02:06","modified_gmt":"2019-10-30T23:02:06","slug":"caruaru-wolves-x-maceio-marechais-pela-semifinal-do-campeonato-nacional-no-vera-cruz-sabado-2","status":"publish","type":"post","link":"https:\/\/blogdoedvaldomagalhaes.com.br\/index.php\/2019\/10\/30\/caruaru-wolves-x-maceio-marechais-pela-semifinal-do-campeonato-nacional-no-vera-cruz-sabado-2\/","title":{"rendered":"Caruaru Wolves x Macei\u00f3 Marechais pela semifinal do campeonato nacional no Vera Cruz s\u00e1bado (2)"},"content":{"rendered":"<p style=\"text-align: justify;\">Neste s\u00e1bado (02), o Caruaru Wolves vai receber a equipe do Macei\u00f3 Marechais, em jogo de futebol americano que vale vaga na semifinal do campeonato nacional. O jogo vai acontecer no Est\u00e1dio Ant\u00f4nio In\u00e1cio da Silva, o Vera Cruz, no bairro S\u00e3o Francisco, em Caruaru, \u00e0s14h. A entrada custar\u00e1 apenas R$ 5,00 ou 1kg de alimento n\u00e3o perec\u00edvel que sera doado ao projeto: &#8220;A FOME NAO PODE ESPERAR&#8221;.<\/p>\n<p style=\"text-align: justify;\">O projeto foi idealizado pelo padre Arlindo, da cidade de Tamandar\u00e9 \u2013 PE. Ele criou a campanha contra a fome na Zona da Mata Sul do estado. Cerca de 2500 fam\u00edlias est\u00e3o passando necessidades , devido \u00e0 grande crise das usinas na regi\u00e3o. Uma \u00e1rea sem outra fonte de renda. Portanto, indo a esse grande e importante jogo, voc\u00eas al\u00e9m de apoiar o Caruaru Wolves em campo, estar\u00e3o ajudando esse nobre projeto.<\/p>\n","protected":false},"excerpt":{"rendered":"<p>Neste s\u00e1bado (02), o Caruaru Wolves vai receber a equipe do Macei\u00f3 Marechais, em jogo de futebol americano que vale&hellip;<\/p>\n","protected":false},"author":1,"featured_media":47920,"comment_status":"open","ping_status":"open","sticky":false,"template":"","format":"standard","meta":{"footnotes":""},"categories":[14123],"tags":[2,16501],"class_list":["post-47919","post","type-post","status-publish","format-standard","has-post-thumbnail","hentry","category-futebol","tag-blog-do-edvaldo-magalhaes","tag-caruaru-wolves-x-maceio-marechais-pela-semifinal-do-campeonato-nacional-no-vera-cruz-sabado-2"],"_links":{"self":[{"href":"https:\/\/blogdoedvaldomagalhaes.com.br\/index.php\/wp-json\/wp\/v2\/posts\/47919","targetHints":{"allow":["GET"]}}],"collection":[{"href":"https:\/\/blogdoedvaldomagalhaes.com.br\/index.php\/wp-json\/wp\/v2\/posts"}],"about":[{"href":"https:\/\/blogdoedvaldomagalhaes.com.br\/index.php\/wp-json\/wp\/v2\/types\/post"}],"author":[{"embeddable":true,"href":"https:\/\/blogdoedvaldomagalhaes.com.br\/index.php\/wp-json\/wp\/v2\/users\/1"}],"replies":[{"embeddable":true,"href":"https:\/\/blogdoedvaldomagalhaes.com.br\/index.php\/wp-json\/wp\/v2\/comments?post=47919"}],"version-history":[{"count":1,"href":"https:\/\/blogdoedvaldomagalhaes.com.br\/index.php\/wp-json\/wp\/v2\/posts\/47919\/revisions"}],"predecessor-version":[{"id":47921,"href":"https:\/\/blogdoedvaldomagalhaes.com.br\/index.php\/wp-json\/wp\/v2\/posts\/47919\/revisions\/47921"}],"wp:featuredmedia":[{"embeddable":true,"href":"https:\/\/blogdoedvaldomagalhaes.com.br\/index.php\/wp-json\/wp\/v2\/media\/47920"}],"wp:attachment":[{"href":"https:\/\/blogdoedvaldomagalhaes.com.br\/index.php\/wp-json\/wp\/v2\/media?parent=47919"}],"wp:term":[{"taxonomy":"category","embeddable":true,"href":"https:\/\/blogdoedvaldomagalhaes.com.br\/index.php\/wp-json\/wp\/v2\/categories?post=47919"},{"taxonomy":"post_tag","embeddable":true,"href":"https:\/\/blogdoedvaldomagalhaes.com.br\/index.php\/wp-json\/wp\/v2\/tags?post=47919"}],"curies":[{"name":"wp","href":"https:\/\/api.w.org\/{rel}","templated":true}]}}