{"id":47914,"date":"2019-10-30T17:03:40","date_gmt":"2019-10-30T20:03:40","guid":{"rendered":"http:\/\/blogdoedvaldomagalhaes.com.br\/?p=47914"},"modified":"2019-10-30T17:06:32","modified_gmt":"2019-10-30T20:06:32","slug":"caruaru-segundo-cine-araca-sera-realizado-neste-sabado-02-em-serra-dos-cavalos","status":"publish","type":"post","link":"https:\/\/blogdoedvaldomagalhaes.com.br\/index.php\/2019\/10\/30\/caruaru-segundo-cine-araca-sera-realizado-neste-sabado-02-em-serra-dos-cavalos\/","title":{"rendered":"Caruaru: Segundo Cine Ara\u00e7\u00e1 ser\u00e1 realizado neste s\u00e1bado (02) em Serra dos Cavalos"},"content":{"rendered":"<p style=\"text-align: justify;\"><span style=\"font-size: inherit;\">Neste s\u00e1bado (02) ser\u00e1 realizado o 2\u00ba Cine Ara\u00e7\u00e1 na Reserva de Serra dos Cavalos, zona rural de Caruaru. O projeto cultural que proporciona cinema e lazer todo primeiro s\u00e1bado de cada m\u00eas no Parque Natural Municipal Professor Jo\u00e3o Vasconcelos Sobrinho, abre espa\u00e7o para a exibi\u00e7\u00e3o de filmes de produtores independentes de Caruaru e de fora, com acesso gratuito para a comunidade local e visitantes. A iniciativa \u00e9 da Prefeitura de Caruaru, atrav\u00e9s da Secretaria de Sustentabilidade e Desenvolvimento Rural (SUDER), e conta com apoio da Funda\u00e7\u00e3o de Cultura e Turismo do munic\u00edpio.<\/span><\/p>\n<p style=\"text-align: justify;\">A programa\u00e7\u00e3o tamb\u00e9m prev\u00ea feira gastron\u00f4mica e de artesanato com barraquinhas, das 15h \u00e0s 22h, e apresenta\u00e7\u00e3o musical da Banda Rainha da Sucata, \u00e0s 17h, com repert\u00f3rio de xote, xaxado, bai\u00e3o e forr\u00f3, e da cantora Ray Lima, que tocar\u00e1 m\u00fasicas de MPB e Rock, \u00e0s 20h. Nesta edi\u00e7\u00e3o, a partir das 19h tem a exibi\u00e7\u00e3o dos filmes \u201cPajerama\u201d, de Leonardo Cadaval, \u201cEu n\u00e3o Quero Voltar Sozinho\u201d, de Daniel Rabeiro (dire\u00e7\u00e3o e roteiro), al\u00e9m do document\u00e1rio \u201cCoronel Ludugero\u201d, de H\u00e9lio J\u00fanior e equipe. Ser\u00e3o exibidos tamb\u00e9m document\u00e1rios sobre o Parque Natural, um curta animado da Alike que traz uma reflex\u00e3o sobre sistema de educa\u00e7\u00e3o e trabalho, entre outros curtas.<\/p>\n<p style=\"text-align: justify;\">Para facilitar o acesso dos visitantes ao parque, a empresa de \u00f4nibus Coletivo ir\u00e1 refor\u00e7ar a linha do Murici que circula no local, com ida a partir das 15h e retorno \u00e0s 22h. O local de embarque ser\u00e1 de frente ao Grande Hotel, na Avenida Rio Branco. A passagem custa R$ 3.30. A organiza\u00e7\u00e3o recomenda que o visitante leve seu copo reutiliz\u00e1vel ou garrafinha para ingest\u00e3o de \u00e1gua no parque.<\/p>\n\n\n<figure class=\"wp-block-image\"><img loading=\"lazy\" decoding=\"async\" width=\"1024\" height=\"682\" src=\"http:\/\/blogdoedvaldomagalhaes.com.br\/wp-content\/uploads\/2019\/10\/IMG-20191030-WA0116-1024x682.jpg\" alt=\"\" class=\"wp-image-47917\" srcset=\"https:\/\/blogdoedvaldomagalhaes.com.br\/wp-content\/uploads\/2019\/10\/IMG-20191030-WA0116-1024x682.jpg 1024w, https:\/\/blogdoedvaldomagalhaes.com.br\/wp-content\/uploads\/2019\/10\/IMG-20191030-WA0116-300x200.jpg 300w, https:\/\/blogdoedvaldomagalhaes.com.br\/wp-content\/uploads\/2019\/10\/IMG-20191030-WA0116-768x512.jpg 768w, https:\/\/blogdoedvaldomagalhaes.com.br\/wp-content\/uploads\/2019\/10\/IMG-20191030-WA0116.jpg 1280w\" sizes=\"auto, (max-width: 1024px) 100vw, 1024px\" \/><figcaption>Fotos: Jana\u00edna Pepeu<\/figcaption><\/figure>\n","protected":false},"excerpt":{"rendered":"<p>Neste s\u00e1bado (02) ser\u00e1 realizado o 2\u00ba Cine Ara\u00e7\u00e1 na Reserva de Serra dos Cavalos, zona rural de Caruaru. O&hellip;<\/p>\n","protected":false},"author":1,"featured_media":47915,"comment_status":"open","ping_status":"open","sticky":false,"template":"","format":"standard","meta":{"footnotes":""},"categories":[14120],"tags":[2,16500],"class_list":["post-47914","post","type-post","status-publish","format-standard","has-post-thumbnail","hentry","category-noticias","tag-blog-do-edvaldo-magalhaes","tag-caruaru-segundo-cine-araca-sera-realizado-neste-sabado-02-em-serra-dos-cavalos"],"_links":{"self":[{"href":"https:\/\/blogdoedvaldomagalhaes.com.br\/index.php\/wp-json\/wp\/v2\/posts\/47914","targetHints":{"allow":["GET"]}}],"collection":[{"href":"https:\/\/blogdoedvaldomagalhaes.com.br\/index.php\/wp-json\/wp\/v2\/posts"}],"about":[{"href":"https:\/\/blogdoedvaldomagalhaes.com.br\/index.php\/wp-json\/wp\/v2\/types\/post"}],"author":[{"embeddable":true,"href":"https:\/\/blogdoedvaldomagalhaes.com.br\/index.php\/wp-json\/wp\/v2\/users\/1"}],"replies":[{"embeddable":true,"href":"https:\/\/blogdoedvaldomagalhaes.com.br\/index.php\/wp-json\/wp\/v2\/comments?post=47914"}],"version-history":[{"count":2,"href":"https:\/\/blogdoedvaldomagalhaes.com.br\/index.php\/wp-json\/wp\/v2\/posts\/47914\/revisions"}],"predecessor-version":[{"id":47918,"href":"https:\/\/blogdoedvaldomagalhaes.com.br\/index.php\/wp-json\/wp\/v2\/posts\/47914\/revisions\/47918"}],"wp:featuredmedia":[{"embeddable":true,"href":"https:\/\/blogdoedvaldomagalhaes.com.br\/index.php\/wp-json\/wp\/v2\/media\/47915"}],"wp:attachment":[{"href":"https:\/\/blogdoedvaldomagalhaes.com.br\/index.php\/wp-json\/wp\/v2\/media?parent=47914"}],"wp:term":[{"taxonomy":"category","embeddable":true,"href":"https:\/\/blogdoedvaldomagalhaes.com.br\/index.php\/wp-json\/wp\/v2\/categories?post=47914"},{"taxonomy":"post_tag","embeddable":true,"href":"https:\/\/blogdoedvaldomagalhaes.com.br\/index.php\/wp-json\/wp\/v2\/tags?post=47914"}],"curies":[{"name":"wp","href":"https:\/\/api.w.org\/{rel}","templated":true}]}}