{"id":47910,"date":"2019-10-30T13:14:32","date_gmt":"2019-10-30T16:14:32","guid":{"rendered":"http:\/\/blogdoedvaldomagalhaes.com.br\/?p=47910"},"modified":"2019-10-30T13:14:35","modified_gmt":"2019-10-30T16:14:35","slug":"estudante-de-caruaru-escreve-seu-nome-na-historia-da-cidade-e-e-finalista-da-olimpiada-de-lingua-portuguesa","status":"publish","type":"post","link":"https:\/\/blogdoedvaldomagalhaes.com.br\/index.php\/2019\/10\/30\/estudante-de-caruaru-escreve-seu-nome-na-historia-da-cidade-e-e-finalista-da-olimpiada-de-lingua-portuguesa\/","title":{"rendered":"Estudante de Caruaru escreve seu nome na hist\u00f3ria da cidade e \u00e9 finalista da Olimp\u00edada de L\u00edngua Portuguesa"},"content":{"rendered":"<p style=\"text-align: justify;\"><span style=\"font-size: inherit;\">O garoto, que concorreu com milhares de alunos do Brasil inteiro, representar\u00e1 o munic\u00edpio no dia 9 de dezembro em S\u00e3o Paulo.<\/span><\/p>\n<p style=\"text-align: justify;\">O estudante Jairo Bezerra, matriculado no 8\u00b0 Ano da Escola em Tempo Integral \u00c1lvaro Lins, \u00e9 finalista da Olimp\u00edada de L\u00edngua Portuguesa (OLP) 2019. A coloca\u00e7\u00e3o dele \u00e9 in\u00e9dita na hist\u00f3ria de Caruaru. Com a cr\u00f4nica \u201cEscola f\u00e1brica, f\u00e1brica escola\u201d, o garoto de apenas 14 anos, orientado pelo professor Walber Barreto, teve o texto selecionado e representar\u00e1 Caruaru na grande final, que acontecer\u00e1 no dia 9 de dezembro em S\u00e3o Paulo.<\/p>\n<p style=\"text-align: justify;\">Ao todo foram selecionados 38 estudantes de 8\u00ba e 9\u00ba anos do Ensino Fundamental e seus professores, de todas as regi\u00f5es do pa\u00eds, que concorreram com mais de 171 mil alunos inscritos de 42.086 escolas, em 4.876 munic\u00edpios e com 85.908 professores participantes. Em Pernambuco, apenas duas cr\u00f4nicas foram selecionadas e o caruaruense teve destaque desde o in\u00edcio de processo. \u201cMe sinto muito feliz com o resultado e j\u00e1 estou me preparando para a final. Quero deixar registrado que tudo isso s\u00f3 foi poss\u00edvel gra\u00e7as \u00e0 minha escola e tamb\u00e9m \u00e0s aulas de L\u00edngua Portuguesa do professor Walber, que s\u00e3o sempre muito din\u00e2micas e produtivas\u201d, reconheceu o aluno.<\/p>\n<p style=\"text-align: justify;\">De acordo com o professor Walber Barreto, o tema proposto pela OLP \u201cO lugar onde vivo\u201d, abriu um leque de oportunidades a serem trabalhadas em sala de aula e tamb\u00e9m para que os estudantes pudessem desempenhar o seu papel, estreitando os v\u00ednculos com a escola e com a realidade local, contribuindo para o desenvolvimento da cidadania. \u201cA partir das oficinas propostas pela olimp\u00edada, comecei a auxiliar no desenvolvimento das habilidades do meus alunos no tocante aquele tipo de g\u00eanero textual, despertando o prazer pela escrita e fui percebendo que a criticidade desses jovens germinou em talentos que t\u00eam o dom da palavra, como \u00e9 o caso de novo cronista Jairo Bezerra. \u00c9 um momento hist\u00f3rico das letras na educa\u00e7\u00e3o p\u00fablica do pa\u00eds, e ter um aluno nosso nesse processo \u00e9 muito gratificante\u201d, afirmou.<\/p>\n<p style=\"text-align: justify;\">A Olimp\u00edada de L\u00edngua Portuguesa \u00e9 um concurso bienal que tem como objetivo apoiar os professores da rede p\u00fablica no aprimoramento das pr\u00e1ticas de ensino de leitura e escrita. A partir da metodologia do Programa Escrevendo o Futuro, os professores realizam oficinas de produ\u00e7\u00e3o de texto com os alunos do 5\u00ba ano do Ensino Fundamental ao 3\u00ba ano do Ensino M\u00e9dio. A Iniciativa \u00e9 do Minist\u00e9rio da Educa\u00e7\u00e3o e do Ita\u00fa Social.<\/p>\n\n\n<figure class=\"wp-block-image\"><img loading=\"lazy\" decoding=\"async\" width=\"1024\" height=\"683\" src=\"http:\/\/blogdoedvaldomagalhaes.com.br\/wp-content\/uploads\/2019\/10\/IMG-20191030-WA0099-1024x683.jpg\" alt=\"\" class=\"wp-image-47912\" srcset=\"https:\/\/blogdoedvaldomagalhaes.com.br\/wp-content\/uploads\/2019\/10\/IMG-20191030-WA0099.jpg 1024w, https:\/\/blogdoedvaldomagalhaes.com.br\/wp-content\/uploads\/2019\/10\/IMG-20191030-WA0099-300x200.jpg 300w, https:\/\/blogdoedvaldomagalhaes.com.br\/wp-content\/uploads\/2019\/10\/IMG-20191030-WA0099-768x512.jpg 768w\" sizes=\"auto, (max-width: 1024px) 100vw, 1024px\" \/><figcaption>Fotos: Arnaldo F\u00e9lix<\/figcaption><\/figure>\n","protected":false},"excerpt":{"rendered":"<p>O garoto, que concorreu com milhares de alunos do Brasil inteiro, representar\u00e1 o munic\u00edpio no dia 9 de dezembro em&hellip;<\/p>\n","protected":false},"author":1,"featured_media":47911,"comment_status":"open","ping_status":"open","sticky":false,"template":"","format":"standard","meta":{"footnotes":""},"categories":[14120],"tags":[2,16499],"class_list":["post-47910","post","type-post","status-publish","format-standard","has-post-thumbnail","hentry","category-noticias","tag-blog-do-edvaldo-magalhaes","tag-estudante-de-caruaru-escreve-seu-nome-na-historia-da-cidade-e-e-finalista-da-olimpiada-de-lingua-portuguesa"],"_links":{"self":[{"href":"https:\/\/blogdoedvaldomagalhaes.com.br\/index.php\/wp-json\/wp\/v2\/posts\/47910","targetHints":{"allow":["GET"]}}],"collection":[{"href":"https:\/\/blogdoedvaldomagalhaes.com.br\/index.php\/wp-json\/wp\/v2\/posts"}],"about":[{"href":"https:\/\/blogdoedvaldomagalhaes.com.br\/index.php\/wp-json\/wp\/v2\/types\/post"}],"author":[{"embeddable":true,"href":"https:\/\/blogdoedvaldomagalhaes.com.br\/index.php\/wp-json\/wp\/v2\/users\/1"}],"replies":[{"embeddable":true,"href":"https:\/\/blogdoedvaldomagalhaes.com.br\/index.php\/wp-json\/wp\/v2\/comments?post=47910"}],"version-history":[{"count":1,"href":"https:\/\/blogdoedvaldomagalhaes.com.br\/index.php\/wp-json\/wp\/v2\/posts\/47910\/revisions"}],"predecessor-version":[{"id":47913,"href":"https:\/\/blogdoedvaldomagalhaes.com.br\/index.php\/wp-json\/wp\/v2\/posts\/47910\/revisions\/47913"}],"wp:featuredmedia":[{"embeddable":true,"href":"https:\/\/blogdoedvaldomagalhaes.com.br\/index.php\/wp-json\/wp\/v2\/media\/47911"}],"wp:attachment":[{"href":"https:\/\/blogdoedvaldomagalhaes.com.br\/index.php\/wp-json\/wp\/v2\/media?parent=47910"}],"wp:term":[{"taxonomy":"category","embeddable":true,"href":"https:\/\/blogdoedvaldomagalhaes.com.br\/index.php\/wp-json\/wp\/v2\/categories?post=47910"},{"taxonomy":"post_tag","embeddable":true,"href":"https:\/\/blogdoedvaldomagalhaes.com.br\/index.php\/wp-json\/wp\/v2\/tags?post=47910"}],"curies":[{"name":"wp","href":"https:\/\/api.w.org\/{rel}","templated":true}]}}