{"id":47839,"date":"2019-10-28T07:54:11","date_gmt":"2019-10-28T10:54:11","guid":{"rendered":"http:\/\/blogdoedvaldomagalhaes.com.br\/?p=47839"},"modified":"2019-10-28T07:59:16","modified_gmt":"2019-10-28T10:59:16","slug":"um-morto-e-onze-feridos-apos-colisao-entre-caminhonete-e-van-na-br-232","status":"publish","type":"post","link":"https:\/\/blogdoedvaldomagalhaes.com.br\/index.php\/2019\/10\/28\/um-morto-e-onze-feridos-apos-colisao-entre-caminhonete-e-van-na-br-232\/","title":{"rendered":"Um morto e onze feridos ap\u00f3s colis\u00e3o entre caminhonete e van na BR-232"},"content":{"rendered":"<p style=\"text-align: justify;\">O acidente ocorreu nesse domingo (27), por volta das 20h35, no Km 156 da BR 232, em S\u00e3o Caetano, no sentido Caruaru.<\/p>\n<p style=\"text-align: justify;\">Foi uma colis\u00e3o frontal entre uma caminhonete e uma van. Pelos vest\u00edgios verificados, a caminhonete entrou na contram\u00e3o da rodovia.<\/p>\n<p style=\"text-align: justify;\">Onze passageiros que estavam na van ficaram feridos e o condutor faleceu no hospital. O condutor e a passageira da caminhonete tamb\u00e9m ficaram feridos.<\/p>\n<p style=\"text-align: justify;\">Todos foram socorridos pelo SAMU e pelo Corpo de Bombeiros para o Hospital Regional do Agreste, em Caruaru.<\/p>\n<p style=\"text-align: justify;\">A Van saiu de Pesqueira com destino \u00e0 Feira da Sulanca, em Toritama.<\/p>\n<p style=\"text-align: justify;\">N\u00e3o foi poss\u00edvel realizar o teste do etilometro (baf\u00f4metro) com os motoristas devido \u00e0 gravidade dos ferimentos.<\/p>\n\n\n<figure class=\"wp-block-image\"><img loading=\"lazy\" decoding=\"async\" width=\"1024\" height=\"498\" src=\"http:\/\/blogdoedvaldomagalhaes.com.br\/wp-content\/uploads\/2019\/10\/IMG-20191028-WA0015-1024x498.jpg\" alt=\"\" class=\"wp-image-47840\" srcset=\"https:\/\/blogdoedvaldomagalhaes.com.br\/wp-content\/uploads\/2019\/10\/IMG-20191028-WA0015-1024x498.jpg 1024w, https:\/\/blogdoedvaldomagalhaes.com.br\/wp-content\/uploads\/2019\/10\/IMG-20191028-WA0015-300x146.jpg 300w, https:\/\/blogdoedvaldomagalhaes.com.br\/wp-content\/uploads\/2019\/10\/IMG-20191028-WA0015-768x373.jpg 768w, https:\/\/blogdoedvaldomagalhaes.com.br\/wp-content\/uploads\/2019\/10\/IMG-20191028-WA0015.jpg 1152w\" sizes=\"auto, (max-width: 1024px) 100vw, 1024px\" \/><\/figure>\n\n\n\n<figure class=\"wp-block-image\"><img loading=\"lazy\" decoding=\"async\" width=\"1024\" height=\"498\" src=\"http:\/\/blogdoedvaldomagalhaes.com.br\/wp-content\/uploads\/2019\/10\/IMG-20191028-WA0011-1024x498.jpg\" alt=\"\" class=\"wp-image-47842\" srcset=\"https:\/\/blogdoedvaldomagalhaes.com.br\/wp-content\/uploads\/2019\/10\/IMG-20191028-WA0011-1024x498.jpg 1024w, https:\/\/blogdoedvaldomagalhaes.com.br\/wp-content\/uploads\/2019\/10\/IMG-20191028-WA0011-300x146.jpg 300w, https:\/\/blogdoedvaldomagalhaes.com.br\/wp-content\/uploads\/2019\/10\/IMG-20191028-WA0011-768x373.jpg 768w, https:\/\/blogdoedvaldomagalhaes.com.br\/wp-content\/uploads\/2019\/10\/IMG-20191028-WA0011.jpg 1152w\" sizes=\"auto, (max-width: 1024px) 100vw, 1024px\" \/><\/figure>\n\n\n\n<figure class=\"wp-block-image\"><img loading=\"lazy\" decoding=\"async\" width=\"1024\" height=\"498\" src=\"http:\/\/blogdoedvaldomagalhaes.com.br\/wp-content\/uploads\/2019\/10\/IMG-20191028-WA0014-1024x498.jpg\" alt=\"\" class=\"wp-image-47843\" srcset=\"https:\/\/blogdoedvaldomagalhaes.com.br\/wp-content\/uploads\/2019\/10\/IMG-20191028-WA0014-1024x498.jpg 1024w, https:\/\/blogdoedvaldomagalhaes.com.br\/wp-content\/uploads\/2019\/10\/IMG-20191028-WA0014-300x146.jpg 300w, https:\/\/blogdoedvaldomagalhaes.com.br\/wp-content\/uploads\/2019\/10\/IMG-20191028-WA0014-768x373.jpg 768w, https:\/\/blogdoedvaldomagalhaes.com.br\/wp-content\/uploads\/2019\/10\/IMG-20191028-WA0014.jpg 1152w\" sizes=\"auto, (max-width: 1024px) 100vw, 1024px\" \/><\/figure>\n\n\n\n<figure class=\"wp-block-image\"><img loading=\"lazy\" decoding=\"async\" width=\"1024\" height=\"498\" src=\"http:\/\/blogdoedvaldomagalhaes.com.br\/wp-content\/uploads\/2019\/10\/IMG-20191028-WA0010-1024x498.jpg\" alt=\"\" class=\"wp-image-47841\" srcset=\"https:\/\/blogdoedvaldomagalhaes.com.br\/wp-content\/uploads\/2019\/10\/IMG-20191028-WA0010-1024x498.jpg 1024w, https:\/\/blogdoedvaldomagalhaes.com.br\/wp-content\/uploads\/2019\/10\/IMG-20191028-WA0010-300x146.jpg 300w, https:\/\/blogdoedvaldomagalhaes.com.br\/wp-content\/uploads\/2019\/10\/IMG-20191028-WA0010-768x373.jpg 768w, https:\/\/blogdoedvaldomagalhaes.com.br\/wp-content\/uploads\/2019\/10\/IMG-20191028-WA0010.jpg 1152w\" sizes=\"auto, (max-width: 1024px) 100vw, 1024px\" \/><\/figure>\n\n\n\n<figure class=\"wp-block-image\"><img loading=\"lazy\" decoding=\"async\" width=\"1024\" height=\"768\" src=\"http:\/\/blogdoedvaldomagalhaes.com.br\/wp-content\/uploads\/2019\/10\/IMG-20191028-WA0013-1024x768.jpg\" alt=\"\" class=\"wp-image-47844\" srcset=\"https:\/\/blogdoedvaldomagalhaes.com.br\/wp-content\/uploads\/2019\/10\/IMG-20191028-WA0013-1024x768.jpg 1024w, https:\/\/blogdoedvaldomagalhaes.com.br\/wp-content\/uploads\/2019\/10\/IMG-20191028-WA0013-300x225.jpg 300w, https:\/\/blogdoedvaldomagalhaes.com.br\/wp-content\/uploads\/2019\/10\/IMG-20191028-WA0013-768x576.jpg 768w, https:\/\/blogdoedvaldomagalhaes.com.br\/wp-content\/uploads\/2019\/10\/IMG-20191028-WA0013-160x120.jpg 160w, https:\/\/blogdoedvaldomagalhaes.com.br\/wp-content\/uploads\/2019\/10\/IMG-20191028-WA0013.jpg 1152w\" sizes=\"auto, (max-width: 1024px) 100vw, 1024px\" \/><figcaption>Informa\u00e7\u00f5es e fotos: PRF<\/figcaption><\/figure>\n","protected":false},"excerpt":{"rendered":"<p>O acidente ocorreu nesse domingo (27), por volta das 20h35, no Km 156 da BR 232, em S\u00e3o Caetano, no&hellip;<\/p>\n","protected":false},"author":1,"featured_media":47845,"comment_status":"open","ping_status":"open","sticky":false,"template":"","format":"standard","meta":{"footnotes":""},"categories":[14120],"tags":[2,16480],"class_list":["post-47839","post","type-post","status-publish","format-standard","has-post-thumbnail","hentry","category-noticias","tag-blog-do-edvaldo-magalhaes","tag-um-morto-e-onze-feridos-apos-colisao-entre-caminhonete-e-van-na-br-232"],"_links":{"self":[{"href":"https:\/\/blogdoedvaldomagalhaes.com.br\/index.php\/wp-json\/wp\/v2\/posts\/47839","targetHints":{"allow":["GET"]}}],"collection":[{"href":"https:\/\/blogdoedvaldomagalhaes.com.br\/index.php\/wp-json\/wp\/v2\/posts"}],"about":[{"href":"https:\/\/blogdoedvaldomagalhaes.com.br\/index.php\/wp-json\/wp\/v2\/types\/post"}],"author":[{"embeddable":true,"href":"https:\/\/blogdoedvaldomagalhaes.com.br\/index.php\/wp-json\/wp\/v2\/users\/1"}],"replies":[{"embeddable":true,"href":"https:\/\/blogdoedvaldomagalhaes.com.br\/index.php\/wp-json\/wp\/v2\/comments?post=47839"}],"version-history":[{"count":2,"href":"https:\/\/blogdoedvaldomagalhaes.com.br\/index.php\/wp-json\/wp\/v2\/posts\/47839\/revisions"}],"predecessor-version":[{"id":47847,"href":"https:\/\/blogdoedvaldomagalhaes.com.br\/index.php\/wp-json\/wp\/v2\/posts\/47839\/revisions\/47847"}],"wp:featuredmedia":[{"embeddable":true,"href":"https:\/\/blogdoedvaldomagalhaes.com.br\/index.php\/wp-json\/wp\/v2\/media\/47845"}],"wp:attachment":[{"href":"https:\/\/blogdoedvaldomagalhaes.com.br\/index.php\/wp-json\/wp\/v2\/media?parent=47839"}],"wp:term":[{"taxonomy":"category","embeddable":true,"href":"https:\/\/blogdoedvaldomagalhaes.com.br\/index.php\/wp-json\/wp\/v2\/categories?post=47839"},{"taxonomy":"post_tag","embeddable":true,"href":"https:\/\/blogdoedvaldomagalhaes.com.br\/index.php\/wp-json\/wp\/v2\/tags?post=47839"}],"curies":[{"name":"wp","href":"https:\/\/api.w.org\/{rel}","templated":true}]}}