{"id":47836,"date":"2019-10-26T22:36:03","date_gmt":"2019-10-27T01:36:03","guid":{"rendered":"http:\/\/blogdoedvaldomagalhaes.com.br\/?p=47836"},"modified":"2019-10-26T22:36:03","modified_gmt":"2019-10-27T01:36:03","slug":"eleicao-para-nova-diretoria-do-sindicato-dos-trabalhadores-rurais-de-caruaru-neste-domingo-27","status":"publish","type":"post","link":"https:\/\/blogdoedvaldomagalhaes.com.br\/index.php\/2019\/10\/26\/eleicao-para-nova-diretoria-do-sindicato-dos-trabalhadores-rurais-de-caruaru-neste-domingo-27\/","title":{"rendered":"Elei\u00e7\u00e3o para nova diretoria do Sindicato dos Trabalhadores Rurais de Caruaru neste domingo (27)"},"content":{"rendered":"<p style=\"text-align: justify;\">O Sindicato dos Trabalhadores Rurais Agricultores e Agricultoras Familiares de Caruaru, realiza elei\u00e7\u00e3o para elei\u00e7\u00e3o da nova diretoria, no hor\u00e1rio das 8h \u00e0s 16h, com chapa \u00fanica, tendo como candidato a presidente Jos\u00e9 Carlos Ferreira e vice Concei\u00e7\u00e3o Aparecida.<\/p>\n","protected":false},"excerpt":{"rendered":"<p>O Sindicato dos Trabalhadores Rurais Agricultores e Agricultoras Familiares de Caruaru, realiza elei\u00e7\u00e3o para elei\u00e7\u00e3o da nova diretoria, no hor\u00e1rio&hellip;<\/p>\n","protected":false},"author":1,"featured_media":47837,"comment_status":"open","ping_status":"open","sticky":false,"template":"","format":"standard","meta":{"footnotes":""},"categories":[14120],"tags":[2,16479],"class_list":["post-47836","post","type-post","status-publish","format-standard","has-post-thumbnail","hentry","category-noticias","tag-blog-do-edvaldo-magalhaes","tag-eleicao-para-nova-diretoria-do-sindicato-dos-trabalhadores-rurais-de-caruaru-neste-domingo-27"],"_links":{"self":[{"href":"https:\/\/blogdoedvaldomagalhaes.com.br\/index.php\/wp-json\/wp\/v2\/posts\/47836","targetHints":{"allow":["GET"]}}],"collection":[{"href":"https:\/\/blogdoedvaldomagalhaes.com.br\/index.php\/wp-json\/wp\/v2\/posts"}],"about":[{"href":"https:\/\/blogdoedvaldomagalhaes.com.br\/index.php\/wp-json\/wp\/v2\/types\/post"}],"author":[{"embeddable":true,"href":"https:\/\/blogdoedvaldomagalhaes.com.br\/index.php\/wp-json\/wp\/v2\/users\/1"}],"replies":[{"embeddable":true,"href":"https:\/\/blogdoedvaldomagalhaes.com.br\/index.php\/wp-json\/wp\/v2\/comments?post=47836"}],"version-history":[{"count":1,"href":"https:\/\/blogdoedvaldomagalhaes.com.br\/index.php\/wp-json\/wp\/v2\/posts\/47836\/revisions"}],"predecessor-version":[{"id":47838,"href":"https:\/\/blogdoedvaldomagalhaes.com.br\/index.php\/wp-json\/wp\/v2\/posts\/47836\/revisions\/47838"}],"wp:featuredmedia":[{"embeddable":true,"href":"https:\/\/blogdoedvaldomagalhaes.com.br\/index.php\/wp-json\/wp\/v2\/media\/47837"}],"wp:attachment":[{"href":"https:\/\/blogdoedvaldomagalhaes.com.br\/index.php\/wp-json\/wp\/v2\/media?parent=47836"}],"wp:term":[{"taxonomy":"category","embeddable":true,"href":"https:\/\/blogdoedvaldomagalhaes.com.br\/index.php\/wp-json\/wp\/v2\/categories?post=47836"},{"taxonomy":"post_tag","embeddable":true,"href":"https:\/\/blogdoedvaldomagalhaes.com.br\/index.php\/wp-json\/wp\/v2\/tags?post=47836"}],"curies":[{"name":"wp","href":"https:\/\/api.w.org\/{rel}","templated":true}]}}