{"id":47833,"date":"2019-10-26T14:27:12","date_gmt":"2019-10-26T17:27:12","guid":{"rendered":"http:\/\/blogdoedvaldomagalhaes.com.br\/?p=47833"},"modified":"2019-10-26T14:27:16","modified_gmt":"2019-10-26T17:27:16","slug":"pm-apreende-menor-portando-arma-de-fogo-logo-apos-tentar-assaltar-transeunte","status":"publish","type":"post","link":"https:\/\/blogdoedvaldomagalhaes.com.br\/index.php\/2019\/10\/26\/pm-apreende-menor-portando-arma-de-fogo-logo-apos-tentar-assaltar-transeunte\/","title":{"rendered":"PM apreende menor portando arma de fogo, logo ap\u00f3s tentar assaltar transeunte"},"content":{"rendered":"<p style=\"text-align: justify;\"><span style=\"font-size: inherit;\">Nessa sexta-feira (25), por volta das 10h30, policiais do 4\u00ba BPM, realizavam rondas na no bairro Cidade Jardim, quando receberam informa\u00e7\u00f5es de que havia um assalto em andamento al\u00ed pr\u00f3ximo. De imediato os PMs seguiram ao local onde mantiveram contato com a v\u00edtima, um cidad\u00e3o de 57 anos, residente no mesmo bairro, momento em que relatou que fora abordado por dois indiv\u00edduos com o intuito de assalt\u00e1-lo e, mesmo diante de grave amea\u00e7a, reagiu \u00e0 a\u00e7\u00e3o dos meliantes, quando um deles efetuou disparos de arma de fogo em desfavor da v\u00edtima, mas por sorte as muni\u00e7\u00f5es falharam. Ap\u00f3s o crime tentado, os acusados tomaram destino ignorado e, atrav\u00e9s de informa\u00e7\u00f5es de populares, o efetivo localizou um menor de16 anos, residente em Tacaimb\u00f3, que na fuga adentrou pelo quintal de uma resid\u00eancia e se escondeu debaixo de uma cama. Ao realizarem a devida abordagem, foi encontrado com o menor em destaque, um rev\u00f3lver INA , Cal. 32, com seis (06) muni\u00e7\u00f5es, sendo tr\u00eas (03) pinadas e tr\u00eas (03) intactas. O outro suspeito que participou da investida, conseguiu se evadir. A v\u00edtima, o menor e a arma apreendida, foram apresentados na DP de Plant\u00e3o.<\/span><\/p>\n<p style=\"text-align: justify;\">_&#8221;4\u00b0BPM &#8211; Batalh\u00e3o Barreto de Menezes: Bra\u00e7o Forte do Agreste Pernambucano&#8221;<\/p>\n","protected":false},"excerpt":{"rendered":"<p>Nessa sexta-feira (25), por volta das 10h30, policiais do 4\u00ba BPM, realizavam rondas na no bairro Cidade Jardim, quando receberam&hellip;<\/p>\n","protected":false},"author":1,"featured_media":47834,"comment_status":"open","ping_status":"open","sticky":false,"template":"","format":"standard","meta":{"footnotes":""},"categories":[14121],"tags":[2,16478,16477],"class_list":["post-47833","post","type-post","status-publish","format-standard","has-post-thumbnail","hentry","category-policial","tag-blog-do-edvaldo-magalhaes","tag-logo-apos-tentar-assaltar-transeunte","tag-pm-apreende-menor-portando-arma-de-fogo"],"_links":{"self":[{"href":"https:\/\/blogdoedvaldomagalhaes.com.br\/index.php\/wp-json\/wp\/v2\/posts\/47833","targetHints":{"allow":["GET"]}}],"collection":[{"href":"https:\/\/blogdoedvaldomagalhaes.com.br\/index.php\/wp-json\/wp\/v2\/posts"}],"about":[{"href":"https:\/\/blogdoedvaldomagalhaes.com.br\/index.php\/wp-json\/wp\/v2\/types\/post"}],"author":[{"embeddable":true,"href":"https:\/\/blogdoedvaldomagalhaes.com.br\/index.php\/wp-json\/wp\/v2\/users\/1"}],"replies":[{"embeddable":true,"href":"https:\/\/blogdoedvaldomagalhaes.com.br\/index.php\/wp-json\/wp\/v2\/comments?post=47833"}],"version-history":[{"count":1,"href":"https:\/\/blogdoedvaldomagalhaes.com.br\/index.php\/wp-json\/wp\/v2\/posts\/47833\/revisions"}],"predecessor-version":[{"id":47835,"href":"https:\/\/blogdoedvaldomagalhaes.com.br\/index.php\/wp-json\/wp\/v2\/posts\/47833\/revisions\/47835"}],"wp:featuredmedia":[{"embeddable":true,"href":"https:\/\/blogdoedvaldomagalhaes.com.br\/index.php\/wp-json\/wp\/v2\/media\/47834"}],"wp:attachment":[{"href":"https:\/\/blogdoedvaldomagalhaes.com.br\/index.php\/wp-json\/wp\/v2\/media?parent=47833"}],"wp:term":[{"taxonomy":"category","embeddable":true,"href":"https:\/\/blogdoedvaldomagalhaes.com.br\/index.php\/wp-json\/wp\/v2\/categories?post=47833"},{"taxonomy":"post_tag","embeddable":true,"href":"https:\/\/blogdoedvaldomagalhaes.com.br\/index.php\/wp-json\/wp\/v2\/tags?post=47833"}],"curies":[{"name":"wp","href":"https:\/\/api.w.org\/{rel}","templated":true}]}}