{"id":47830,"date":"2019-10-26T14:17:22","date_gmt":"2019-10-26T17:17:22","guid":{"rendered":"http:\/\/blogdoedvaldomagalhaes.com.br\/?p=47830"},"modified":"2019-10-26T14:17:23","modified_gmt":"2019-10-26T17:17:23","slug":"pms-prendem-fugitivo-de-penitenciaria-e-apreendem-arma-de-fogo-com-municoes-e-drogas-em-caruaru","status":"publish","type":"post","link":"https:\/\/blogdoedvaldomagalhaes.com.br\/index.php\/2019\/10\/26\/pms-prendem-fugitivo-de-penitenciaria-e-apreendem-arma-de-fogo-com-municoes-e-drogas-em-caruaru\/","title":{"rendered":"PMs prendem fugitivo de penitenci\u00e1ria e apreendem arma de fogo com muni\u00e7\u00f5es e drogas em Caruaru"},"content":{"rendered":"<p style=\"text-align: justify;\"><span style=\"font-size: inherit;\">Nessa sexta-feira (25), por volta das 16h30, policiais do 4\u00ba BPM, receberam informa\u00e7\u00f5es de que na rua Carneiro de Campos, Alto da Banana, em Caruaru, teriam ocorridos disparos de arma de fogo. Os policiais seguiram de imediato para o local onde detiveram dois indiv\u00edduos, EMERSON ARRUDA DA SILVA e LENINGTON FELIPE CORREIA DE LIMA, que estavam consumindo maconha na casa do Emerson.<\/span><\/p>\n<p style=\"text-align: justify;\">Informa\u00e7\u00f5es an\u00f4nimas davam conta de que na casa do Lenington haveria uma arma de fogo, a PM seguiu at\u00e9 a rua n\u00ba 215-A, Alto da Banana, Caruaru, onde encontraram e apreenderam: 01 Rev\u00f3lver Taurus Cal. 32, 06 (seis) muni\u00e7\u00f5es Cal .32; 14 (catorze) muni\u00e7\u00f5es Cal. .38; 07 (sete) por\u00e7\u00f5es de subst\u00e2ncia an\u00e1loga a maconha; 01 balan\u00e7a de precis\u00e3o; v\u00e1rias sacolas utilizadas para o armazenamento da droga e mais R$ 19,00 em esp\u00e9cie.<br \/>\nA equipe policial militar conduziu os individuos e o material apreendido a DP de plant\u00e3o e l\u00e1 se obteve a informa\u00e7\u00e3o de que o Emerson estava foragido da Penitenci\u00e1ria de Canhotinho. Os indiv\u00edduos foram autuados em flagrante delito por posse ilegal de arma de fogo e muni\u00e7\u00f5es, al\u00e9m de tr\u00e1fico de entorpecentes.<\/p>\n<p style=\"text-align: justify;\">&#8220;4\u00b0BPM &#8211; Batalh\u00e3o Barreto de Menezes: Bra\u00e7o Forte do Agreste Pernambucano&#8221;*<\/p>\n","protected":false},"excerpt":{"rendered":"<p>Nessa sexta-feira (25), por volta das 16h30, policiais do 4\u00ba BPM, receberam informa\u00e7\u00f5es de que na rua Carneiro de Campos,&hellip;<\/p>\n","protected":false},"author":1,"featured_media":47831,"comment_status":"open","ping_status":"open","sticky":false,"template":"","format":"standard","meta":{"footnotes":""},"categories":[14121],"tags":[2,16476],"class_list":["post-47830","post","type-post","status-publish","format-standard","has-post-thumbnail","hentry","category-policial","tag-blog-do-edvaldo-magalhaes","tag-pms-prendem-fugitivo-de-penitenciaria-e-apreendem-arma-de-fogo-com-municoes-e-drogas-em-caruaru"],"_links":{"self":[{"href":"https:\/\/blogdoedvaldomagalhaes.com.br\/index.php\/wp-json\/wp\/v2\/posts\/47830","targetHints":{"allow":["GET"]}}],"collection":[{"href":"https:\/\/blogdoedvaldomagalhaes.com.br\/index.php\/wp-json\/wp\/v2\/posts"}],"about":[{"href":"https:\/\/blogdoedvaldomagalhaes.com.br\/index.php\/wp-json\/wp\/v2\/types\/post"}],"author":[{"embeddable":true,"href":"https:\/\/blogdoedvaldomagalhaes.com.br\/index.php\/wp-json\/wp\/v2\/users\/1"}],"replies":[{"embeddable":true,"href":"https:\/\/blogdoedvaldomagalhaes.com.br\/index.php\/wp-json\/wp\/v2\/comments?post=47830"}],"version-history":[{"count":1,"href":"https:\/\/blogdoedvaldomagalhaes.com.br\/index.php\/wp-json\/wp\/v2\/posts\/47830\/revisions"}],"predecessor-version":[{"id":47832,"href":"https:\/\/blogdoedvaldomagalhaes.com.br\/index.php\/wp-json\/wp\/v2\/posts\/47830\/revisions\/47832"}],"wp:featuredmedia":[{"embeddable":true,"href":"https:\/\/blogdoedvaldomagalhaes.com.br\/index.php\/wp-json\/wp\/v2\/media\/47831"}],"wp:attachment":[{"href":"https:\/\/blogdoedvaldomagalhaes.com.br\/index.php\/wp-json\/wp\/v2\/media?parent=47830"}],"wp:term":[{"taxonomy":"category","embeddable":true,"href":"https:\/\/blogdoedvaldomagalhaes.com.br\/index.php\/wp-json\/wp\/v2\/categories?post=47830"},{"taxonomy":"post_tag","embeddable":true,"href":"https:\/\/blogdoedvaldomagalhaes.com.br\/index.php\/wp-json\/wp\/v2\/tags?post=47830"}],"curies":[{"name":"wp","href":"https:\/\/api.w.org\/{rel}","templated":true}]}}