{"id":47826,"date":"2019-10-26T14:01:45","date_gmt":"2019-10-26T17:01:45","guid":{"rendered":"http:\/\/blogdoedvaldomagalhaes.com.br\/?p=47826"},"modified":"2019-10-26T14:05:14","modified_gmt":"2019-10-26T17:05:14","slug":"pm-prende-acusado-de-assalto-em-loja-e-recupera-celulares-em-bezerros","status":"publish","type":"post","link":"https:\/\/blogdoedvaldomagalhaes.com.br\/index.php\/2019\/10\/26\/pm-prende-acusado-de-assalto-em-loja-e-recupera-celulares-em-bezerros\/","title":{"rendered":"PM prende acusado de assalto em loja e recupera celulares em Bezerros"},"content":{"rendered":"<p style=\"text-align: justify;\"><span style=\"font-size: inherit;\">Policiais do 4\u00b0 BPM receberam informa\u00e7\u00f5es da Cabo Val\u00e9ria que um indiv\u00edduo teria praticado um assalto na loja Americanas,\u00a0 na rua da Matriz, no centro de Bezerros,\u00a0 no Agreste de Pernambuco. O acusado levou v\u00e1rios aparelhos celulares. De pronto o efetivo se deslocou ao local e recebeu informa\u00e7\u00f5es que o imputado j\u00e1 teria roubado mais duas vezes esse estabelecimento. Com ajuda dos funcion\u00e1rios os policiais conseguiram rastrear um dos aparelhos roubados e foi at\u00e9 o endere\u00e7o, onde encontraram os imputados e os 6 aparelhos roubados na \u00faltima quinta-feira (24), al\u00e9m de 4 celulares roubados anteriormente, todos na resid\u00eancia dos imputados. <\/span><\/p>\n<p style=\"text-align: justify;\"><span style=\"font-size: inherit; text-align: justify;\">Ao ser indagado a respeito dos il\u00edcitos o imputado Emerson Cristiano Aleixo dos Santos, de 18 anos, confessou que teria praticado um assalto alguns instantes atr\u00e1s. Vale salientar que as v\u00edtimas tamb\u00e9m reconheceram o fac\u00ednora como autor do roubo. A PM prendeu Jos\u00e9 Andresson Ferreira da Silva, 21 anos, por recep\u00e7\u00e3o culposa. Foram apreendidos: 01 Simulacro Taurus PT 92; e<\/span><\/p>\n<p style=\"text-align: justify;\"><span style=\"font-size: inherit;\">10 aparelhos celulares (alertado);<\/span><\/p>\n<p style=\"text-align: justify;\"><span style=\"font-size: inherit;\"> Diante dos fatos, as partes e o material apreendido foram encaminhados \u00e0 DP para serem tomadas as medidas cab\u00edveis.<\/span><\/p>\n<p style=\"text-align: justify;\">Efetivo GATI<br \/>\nSGT G. Neto<br \/>\nCB Luna<br \/>\nSD Mirella<br \/>\nSD Lunardo<br \/>\nSD Fonseca<br \/>\nSD Tabosa<\/p>\n<p style=\"text-align: justify;\">Efetivo GT4310:<br \/>\nSGT Sales<br \/>\nSD Leandro<\/p>\n<p style=\"text-align: justify;\">Efetivo GT4313<br \/>\nCB Mota<br \/>\nSD Leandro<\/p>\n<p style=\"text-align: justify;\">Efetivo folga<br \/>\nCB Val\u00e9ria<br \/>\nSD S Filho<\/p>\n<p style=\"text-align: justify;\">TC PM Saraiva &#8211; Cmt. do 4\u00b0 BPM<br \/>\nMAJ PM Josivaldo &#8211; Sub Cmt, do 4\u00b0 BPM<br \/>\nCAP PM Ivo &#8211; Cmt. da 3\u00aa CPM<\/p>\n<p style=\"text-align: justify;\">Bra\u00e7o Forte do Agreste.<\/p>\n","protected":false},"excerpt":{"rendered":"<p>Policiais do 4\u00b0 BPM receberam informa\u00e7\u00f5es da Cabo Val\u00e9ria que um indiv\u00edduo teria praticado um assalto na loja Americanas,\u00a0 na&hellip;<\/p>\n","protected":false},"author":1,"featured_media":47827,"comment_status":"open","ping_status":"open","sticky":false,"template":"","format":"standard","meta":{"footnotes":""},"categories":[14121],"tags":[2,16475],"class_list":["post-47826","post","type-post","status-publish","format-standard","has-post-thumbnail","hentry","category-policial","tag-blog-do-edvaldo-magalhaes","tag-pm-prende-acusado-de-assalto-em-loja-e-recupera-celulares-em-bezerros"],"_links":{"self":[{"href":"https:\/\/blogdoedvaldomagalhaes.com.br\/index.php\/wp-json\/wp\/v2\/posts\/47826","targetHints":{"allow":["GET"]}}],"collection":[{"href":"https:\/\/blogdoedvaldomagalhaes.com.br\/index.php\/wp-json\/wp\/v2\/posts"}],"about":[{"href":"https:\/\/blogdoedvaldomagalhaes.com.br\/index.php\/wp-json\/wp\/v2\/types\/post"}],"author":[{"embeddable":true,"href":"https:\/\/blogdoedvaldomagalhaes.com.br\/index.php\/wp-json\/wp\/v2\/users\/1"}],"replies":[{"embeddable":true,"href":"https:\/\/blogdoedvaldomagalhaes.com.br\/index.php\/wp-json\/wp\/v2\/comments?post=47826"}],"version-history":[{"count":2,"href":"https:\/\/blogdoedvaldomagalhaes.com.br\/index.php\/wp-json\/wp\/v2\/posts\/47826\/revisions"}],"predecessor-version":[{"id":47829,"href":"https:\/\/blogdoedvaldomagalhaes.com.br\/index.php\/wp-json\/wp\/v2\/posts\/47826\/revisions\/47829"}],"wp:featuredmedia":[{"embeddable":true,"href":"https:\/\/blogdoedvaldomagalhaes.com.br\/index.php\/wp-json\/wp\/v2\/media\/47827"}],"wp:attachment":[{"href":"https:\/\/blogdoedvaldomagalhaes.com.br\/index.php\/wp-json\/wp\/v2\/media?parent=47826"}],"wp:term":[{"taxonomy":"category","embeddable":true,"href":"https:\/\/blogdoedvaldomagalhaes.com.br\/index.php\/wp-json\/wp\/v2\/categories?post=47826"},{"taxonomy":"post_tag","embeddable":true,"href":"https:\/\/blogdoedvaldomagalhaes.com.br\/index.php\/wp-json\/wp\/v2\/tags?post=47826"}],"curies":[{"name":"wp","href":"https:\/\/api.w.org\/{rel}","templated":true}]}}