{"id":47823,"date":"2019-10-25T21:43:45","date_gmt":"2019-10-26T00:43:45","guid":{"rendered":"http:\/\/blogdoedvaldomagalhaes.com.br\/?p=47823"},"modified":"2019-10-25T21:43:48","modified_gmt":"2019-10-26T00:43:48","slug":"accape-convoca-associados-para-eleicao-da-nova-diretoria","status":"publish","type":"post","link":"https:\/\/blogdoedvaldomagalhaes.com.br\/index.php\/2019\/10\/25\/accape-convoca-associados-para-eleicao-da-nova-diretoria\/","title":{"rendered":"Accape convoca associados para elei\u00e7\u00e3o da nova diretoria"},"content":{"rendered":"<p style=\"text-align: justify;\">A Associa\u00e7\u00e3o dos Contabilistas de Caruaru e Regi\u00e3o Agreste de Pernambuco (Accape) convoca os associados aptos a votar a comparecerem \u00e0 reuni\u00e3o da Assembleia Geral na pr\u00f3xima quarta-feira (30), a partir das 8h30, na sede da associa\u00e7\u00e3o, com o objetivo de eleger a nova Diretoria Executiva, Conselho Fiscal, suplentes do Conselho Fiscal e Departamento de Eventos que ficar\u00e3o \u00e0 frente da entidade no pr\u00f3ximo bi\u00eanio 2020-2021.<\/p>\n<p>Uma \u00fanica chapa, intitulada \u201cContadores unidos, para vencermos os novos desafios\u201d, fez o registro de candidatura e tem \u00e0 frente o contador Deyvison Alemberg Tabosa de Queiroz. O resultado da elei\u00e7\u00e3o ser\u00e1 validado desde que a assembleia re\u00fana dois ter\u00e7os dos associados em 1\u00aa convoca\u00e7\u00e3o, um ter\u00e7o dos associados uma hora depois em segunda convoca\u00e7\u00e3o; e com qualquer n\u00famero de associados desde que decorridos 30 minutos da segunda convoca\u00e7\u00e3o.<\/p>\n<p>A vota\u00e7\u00e3o ter\u00e1 dura\u00e7\u00e3o de uma hora e ocorrer\u00e1 na sede da Accape, localizada na Avenida Agamenon Magalh\u00e3es, 444 &#8211; Empresarial Difusora, 12\u00ba andar (Shopping Difusora), Bairro Maur\u00edcio de Nassau.<\/p>\n<p style=\"text-align: justify;\">Diretoria executiva<br \/>\nPresidente: Deyvison Alemberg Tabosa de Queiroz<br \/>\nVice-presidente: Maria de F\u00e1tima do Nascimento<br \/>\n1\u00aa secret\u00e1ria: Maria do Socorro Silva Santos<br \/>\n2\u00ba secret\u00e1rio: Zaldo Venancio Tabosa<br \/>\n1\u00ba tesoureiro: Eriko Caruso de Melo Veras<br \/>\n2\u00ba tesoureiro: Roberto Cesar Correia Gomes<\/p>\n<p>Conselho Fiscal<br \/>\nGenicleison Edson Ramos<br \/>\nClaudia Bezerra da Silva<br \/>\nMichele Arruda Silva Tabosa<\/p>\n<p>Suplentes do Conselho Fiscal<br \/>\nIsrael Felipe da Silva<br \/>\nJer\u00f4nimo Ivo e Silva da Silva Junior<br \/>\nZeneildo Lira Limeira<\/p>\n<p style=\"text-align: justify;\">Departamento de Eventos<br \/>\nMaria Sheila Leite e Silva<br \/>\nThyago Luiz de Carvalho Tavares<\/p>\n<p style=\"text-align: justify;\">Accape &#8211; \u202aH\u00e1 4\u202c3 anos em defesa da categoria cont\u00e1bil de Caruaru e Regi\u00e3o<\/p>\n<p style=\"text-align: justify;\">Informa\u00e7\u00f5es: Diplano Comunica\u00e7\u00e3o Estrat\u00e9gica.<\/p>\n","protected":false},"excerpt":{"rendered":"<p>A Associa\u00e7\u00e3o dos Contabilistas de Caruaru e Regi\u00e3o Agreste de Pernambuco (Accape) convoca os associados aptos a votar a comparecerem&hellip;<\/p>\n","protected":false},"author":1,"featured_media":47824,"comment_status":"open","ping_status":"open","sticky":false,"template":"","format":"standard","meta":{"footnotes":""},"categories":[14120],"tags":[16474,2],"class_list":["post-47823","post","type-post","status-publish","format-standard","has-post-thumbnail","hentry","category-noticias","tag-accape-convoca-associados-para-eleicao-da-nova-diretoria","tag-blog-do-edvaldo-magalhaes"],"_links":{"self":[{"href":"https:\/\/blogdoedvaldomagalhaes.com.br\/index.php\/wp-json\/wp\/v2\/posts\/47823","targetHints":{"allow":["GET"]}}],"collection":[{"href":"https:\/\/blogdoedvaldomagalhaes.com.br\/index.php\/wp-json\/wp\/v2\/posts"}],"about":[{"href":"https:\/\/blogdoedvaldomagalhaes.com.br\/index.php\/wp-json\/wp\/v2\/types\/post"}],"author":[{"embeddable":true,"href":"https:\/\/blogdoedvaldomagalhaes.com.br\/index.php\/wp-json\/wp\/v2\/users\/1"}],"replies":[{"embeddable":true,"href":"https:\/\/blogdoedvaldomagalhaes.com.br\/index.php\/wp-json\/wp\/v2\/comments?post=47823"}],"version-history":[{"count":1,"href":"https:\/\/blogdoedvaldomagalhaes.com.br\/index.php\/wp-json\/wp\/v2\/posts\/47823\/revisions"}],"predecessor-version":[{"id":47825,"href":"https:\/\/blogdoedvaldomagalhaes.com.br\/index.php\/wp-json\/wp\/v2\/posts\/47823\/revisions\/47825"}],"wp:featuredmedia":[{"embeddable":true,"href":"https:\/\/blogdoedvaldomagalhaes.com.br\/index.php\/wp-json\/wp\/v2\/media\/47824"}],"wp:attachment":[{"href":"https:\/\/blogdoedvaldomagalhaes.com.br\/index.php\/wp-json\/wp\/v2\/media?parent=47823"}],"wp:term":[{"taxonomy":"category","embeddable":true,"href":"https:\/\/blogdoedvaldomagalhaes.com.br\/index.php\/wp-json\/wp\/v2\/categories?post=47823"},{"taxonomy":"post_tag","embeddable":true,"href":"https:\/\/blogdoedvaldomagalhaes.com.br\/index.php\/wp-json\/wp\/v2\/tags?post=47823"}],"curies":[{"name":"wp","href":"https:\/\/api.w.org\/{rel}","templated":true}]}}