{"id":47819,"date":"2019-10-25T21:33:17","date_gmt":"2019-10-26T00:33:17","guid":{"rendered":"http:\/\/blogdoedvaldomagalhaes.com.br\/?p=47819"},"modified":"2019-10-25T21:54:35","modified_gmt":"2019-10-26T00:54:35","slug":"delegado-lessa-e-reconduzido-a-presidencia-do-pp-em-caruaru-e-confirma-pre-candidatura-a-prefeito","status":"publish","type":"post","link":"https:\/\/blogdoedvaldomagalhaes.com.br\/index.php\/2019\/10\/25\/delegado-lessa-e-reconduzido-a-presidencia-do-pp-em-caruaru-e-confirma-pre-candidatura-a-prefeito\/","title":{"rendered":"Delegado Lessa \u00e9 reconduzido \u00e0 presid\u00eancia do PP em Caruaru e confirma pr\u00e9-candidatura a prefeito"},"content":{"rendered":"<p style=\"text-align: justify;\">O Partido Progressistas (PP) realizou um ato de filia\u00e7\u00e3o em Caruaru nesta sexta-feira, 25. O ato contou com a presen\u00e7a da \u2018Caravana Progressistas\u2019, formada por l\u00edderes do partido. O comando do evento ficou por conta do deputado estadual Delegado Erick Lessa, que foi reconduzido \u00e0 presid\u00eancia do \u00f3rg\u00e3o municipal da legenda em Caruaru, consolidando o nome do deputado como pr\u00e9-candidato a prefeito do grupo no pleito do pr\u00f3ximo ano.<\/p>\n<p style=\"text-align: justify;\">Comentando sobre o novo momento do PP em Caruaru, Erick Lessa ressaltou o car\u00e1ter democr\u00e1tico do grupo. \u201cA organiza\u00e7\u00e3o do partido em Caruaru ter\u00e1 uma pol\u00edtica democr\u00e1tica, que ouve todos e d\u00e1 oportunidades para novos nomes\u201d, disse. O deputado ainda pontuou um pouco da sua trajet\u00f3ria pol\u00edtica, quando se tornou o fator surpresa das elei\u00e7\u00f5es para prefeito de Caruaru em 2016, ao ficar na 3\u00aa posi\u00e7\u00e3o, com mais de 41 mil votos, e desestabilizar a hist\u00f3rica polariza\u00e7\u00e3o nas elei\u00e7\u00f5es do munic\u00edpio de Caruaru.<\/p>\n<p style=\"text-align: justify;\">Lessa sinalizou que no pr\u00f3ximo ano o partido n\u00e3o dever\u00e1 receber vereadores de mandato como candidatos, para estimular o surgimento de novas lideran\u00e7as pol\u00edticas no poder legislativo municipal. Ele tamb\u00e9m declarou que h\u00e1 cerca de 25 nomes de pr\u00e9-candidatos a vereador, bem como haver\u00e1 a estrutura\u00e7\u00e3o do PP Mulher e PP Juventude no munic\u00edpio.<\/p>\n<p style=\"text-align: justify;\">Durante o ato, o presidente estadual da legenda, deputado federal Eduardo da Fonte, destacou a relev\u00e2ncia do deputado Erick Lessa no contexto regional. \u201cEstamos dando in\u00edcio a uma grande caminhada, pois Lessa tem realizado sua trajet\u00f3ria respeitando a cidade de Caruaru\u201d, declarou, comentando que a postura do deputado Lessa de valorizar os pr\u00e9-candidatos que n\u00e3o est\u00e3o em mandato \u00e9 \u201cum gesto de coragem para transformar a cidade\u201d.<\/p>\n<p style=\"text-align: justify;\">Estiveram presentes no ato, al\u00e9m do deputado federal Eduardo da Fonte, os deputados estaduais Cl\u00f3vis Paiva e Romero Albuquerque, bem como o l\u00edder jovem Lula da Fonte e outras lideran\u00e7as pol\u00edticas de Caruaru e cidades circunvizinhas, a exemplo de Garanhuns e Bom Jardim.<\/p>\n<p style=\"text-align: justify;\">De acordo com informa\u00e7\u00f5es do Tribunal Superior Eleitoral (TSE), o PP \u00e9 uma das maiores legendas do Brasil, contando com 1,444 milh\u00e3o de filiados, dos quais 62.236 s\u00e3o em Pernambuco. O partido ainda tem uma bancada de 11 deputados estaduais na Alepe. A inten\u00e7\u00e3o da dire\u00e7\u00e3o do partido \u00e9 fortalecer ainda mais a agremia\u00e7\u00e3o pol\u00edtica nas elei\u00e7\u00f5es para prefeitos e vereadores do pr\u00f3ximo ano.<\/p>\n\n\n<figure class=\"wp-block-image\"><img loading=\"lazy\" decoding=\"async\" width=\"1024\" height=\"682\" src=\"http:\/\/blogdoedvaldomagalhaes.com.br\/wp-content\/uploads\/2019\/10\/Ato-de-filia\u00e7\u00e3o-PP-Viliane-Gomes-25-10-2019-3-1024x682.jpeg\" alt=\"\" class=\"wp-image-47820\" srcset=\"https:\/\/blogdoedvaldomagalhaes.com.br\/wp-content\/uploads\/2019\/10\/Ato-de-filia\u00e7\u00e3o-PP-Viliane-Gomes-25-10-2019-3-1024x682.jpeg 1024w, https:\/\/blogdoedvaldomagalhaes.com.br\/wp-content\/uploads\/2019\/10\/Ato-de-filia\u00e7\u00e3o-PP-Viliane-Gomes-25-10-2019-3-300x200.jpeg 300w, https:\/\/blogdoedvaldomagalhaes.com.br\/wp-content\/uploads\/2019\/10\/Ato-de-filia\u00e7\u00e3o-PP-Viliane-Gomes-25-10-2019-3-768x512.jpeg 768w, https:\/\/blogdoedvaldomagalhaes.com.br\/wp-content\/uploads\/2019\/10\/Ato-de-filia\u00e7\u00e3o-PP-Viliane-Gomes-25-10-2019-3.jpeg 1280w\" sizes=\"auto, (max-width: 1024px) 100vw, 1024px\" \/><figcaption>Fotos: Viliane Gomes<\/figcaption><\/figure>\n","protected":false},"excerpt":{"rendered":"<p>O Partido Progressistas (PP) realizou um ato de filia\u00e7\u00e3o em Caruaru nesta sexta-feira, 25. O ato contou com a presen\u00e7a&hellip;<\/p>\n","protected":false},"author":1,"featured_media":47821,"comment_status":"open","ping_status":"open","sticky":false,"template":"","format":"standard","meta":{"footnotes":""},"categories":[14122],"tags":[2,16473],"class_list":["post-47819","post","type-post","status-publish","format-standard","has-post-thumbnail","hentry","category-politica","tag-blog-do-edvaldo-magalhaes","tag-delegado-lessa-e-reconduzido-a-presidencia-do-pp-em-caruaru-e-confirma-pre-candidatura-a-prefeito"],"_links":{"self":[{"href":"https:\/\/blogdoedvaldomagalhaes.com.br\/index.php\/wp-json\/wp\/v2\/posts\/47819","targetHints":{"allow":["GET"]}}],"collection":[{"href":"https:\/\/blogdoedvaldomagalhaes.com.br\/index.php\/wp-json\/wp\/v2\/posts"}],"about":[{"href":"https:\/\/blogdoedvaldomagalhaes.com.br\/index.php\/wp-json\/wp\/v2\/types\/post"}],"author":[{"embeddable":true,"href":"https:\/\/blogdoedvaldomagalhaes.com.br\/index.php\/wp-json\/wp\/v2\/users\/1"}],"replies":[{"embeddable":true,"href":"https:\/\/blogdoedvaldomagalhaes.com.br\/index.php\/wp-json\/wp\/v2\/comments?post=47819"}],"version-history":[{"count":1,"href":"https:\/\/blogdoedvaldomagalhaes.com.br\/index.php\/wp-json\/wp\/v2\/posts\/47819\/revisions"}],"predecessor-version":[{"id":47822,"href":"https:\/\/blogdoedvaldomagalhaes.com.br\/index.php\/wp-json\/wp\/v2\/posts\/47819\/revisions\/47822"}],"wp:featuredmedia":[{"embeddable":true,"href":"https:\/\/blogdoedvaldomagalhaes.com.br\/index.php\/wp-json\/wp\/v2\/media\/47821"}],"wp:attachment":[{"href":"https:\/\/blogdoedvaldomagalhaes.com.br\/index.php\/wp-json\/wp\/v2\/media?parent=47819"}],"wp:term":[{"taxonomy":"category","embeddable":true,"href":"https:\/\/blogdoedvaldomagalhaes.com.br\/index.php\/wp-json\/wp\/v2\/categories?post=47819"},{"taxonomy":"post_tag","embeddable":true,"href":"https:\/\/blogdoedvaldomagalhaes.com.br\/index.php\/wp-json\/wp\/v2\/tags?post=47819"}],"curies":[{"name":"wp","href":"https:\/\/api.w.org\/{rel}","templated":true}]}}