{"id":47813,"date":"2019-10-25T21:07:03","date_gmt":"2019-10-26T00:07:03","guid":{"rendered":"http:\/\/blogdoedvaldomagalhaes.com.br\/?p=47813"},"modified":"2019-10-25T21:27:35","modified_gmt":"2019-10-26T00:27:35","slug":"projeto-de-ordenamento-do-centro-de-caruaru-ganha-apoio-da-cdl-acic-e-sindloja","status":"publish","type":"post","link":"https:\/\/blogdoedvaldomagalhaes.com.br\/index.php\/2019\/10\/25\/projeto-de-ordenamento-do-centro-de-caruaru-ganha-apoio-da-cdl-acic-e-sindloja\/","title":{"rendered":"Projeto de ordenamento do centro de Caruaru ganha apoio da CDL, ACIC e Sindloja"},"content":{"rendered":"<p style=\"text-align: justify;\"><span style=\"font-size: inherit;\">A Prefeitura de Caruaru recebeu, nesta sexta-feira (25), importante apoio de entidades caruaruenses ao projeto de ordenamento do centro da cidade. O documento foi assinado pela C\u00e2mara de Dirigentes Lojistas de Caruaru (CDL), Associa\u00e7\u00e3o Comercial e Empresarial de Caruaru (ACIC) e Sindicato dos Lojistas do Com\u00e9rcio de Caruaru (Sindloja).<\/span><\/p>\n<p style=\"text-align: justify;\">As entidades demonstraram total apoio ao projeto de requalifica\u00e7\u00e3o do centro comercial de Caruaru, na certeza de que os resultados ser\u00e3o de grande valor para o desenvolvimento. As entidades refor\u00e7am que para um ordenamento organizado no centro da cidade, \u00e9 fundamental n\u00e3o apenas a atua\u00e7\u00e3o do poder p\u00fablico, mas tamb\u00e9m a colabora\u00e7\u00e3o de todos os lojistas.<\/p>\n<p>Foto: Helenivaldo Pereira.<\/p>\n\n\n<figure class=\"wp-block-image\"><img loading=\"lazy\" decoding=\"async\" width=\"726\" height=\"1024\" src=\"http:\/\/blogdoedvaldomagalhaes.com.br\/wp-content\/uploads\/2019\/10\/IMG-20191025-WA0103-726x1024.jpg\" alt=\"\" class=\"wp-image-47816\" srcset=\"https:\/\/blogdoedvaldomagalhaes.com.br\/wp-content\/uploads\/2019\/10\/IMG-20191025-WA0103-726x1024.jpg 726w, https:\/\/blogdoedvaldomagalhaes.com.br\/wp-content\/uploads\/2019\/10\/IMG-20191025-WA0103-213x300.jpg 213w, https:\/\/blogdoedvaldomagalhaes.com.br\/wp-content\/uploads\/2019\/10\/IMG-20191025-WA0103-768x1084.jpg 768w, https:\/\/blogdoedvaldomagalhaes.com.br\/wp-content\/uploads\/2019\/10\/IMG-20191025-WA0103.jpg 907w\" sizes=\"auto, (max-width: 726px) 100vw, 726px\" \/><\/figure>\n","protected":false},"excerpt":{"rendered":"<p>A Prefeitura de Caruaru recebeu, nesta sexta-feira (25), importante apoio de entidades caruaruenses ao projeto de ordenamento do centro da&hellip;<\/p>\n","protected":false},"author":1,"featured_media":47814,"comment_status":"open","ping_status":"open","sticky":false,"template":"","format":"standard","meta":{"footnotes":""},"categories":[14120],"tags":[16472,1519],"class_list":["post-47813","post","type-post","status-publish","format-standard","has-post-thumbnail","hentry","category-noticias","tag-projeto-de-ordenamento-do-centro-de-caruaru-ganha-apoio-da-cdl","tag-sindloja"],"_links":{"self":[{"href":"https:\/\/blogdoedvaldomagalhaes.com.br\/index.php\/wp-json\/wp\/v2\/posts\/47813","targetHints":{"allow":["GET"]}}],"collection":[{"href":"https:\/\/blogdoedvaldomagalhaes.com.br\/index.php\/wp-json\/wp\/v2\/posts"}],"about":[{"href":"https:\/\/blogdoedvaldomagalhaes.com.br\/index.php\/wp-json\/wp\/v2\/types\/post"}],"author":[{"embeddable":true,"href":"https:\/\/blogdoedvaldomagalhaes.com.br\/index.php\/wp-json\/wp\/v2\/users\/1"}],"replies":[{"embeddable":true,"href":"https:\/\/blogdoedvaldomagalhaes.com.br\/index.php\/wp-json\/wp\/v2\/comments?post=47813"}],"version-history":[{"count":3,"href":"https:\/\/blogdoedvaldomagalhaes.com.br\/index.php\/wp-json\/wp\/v2\/posts\/47813\/revisions"}],"predecessor-version":[{"id":47818,"href":"https:\/\/blogdoedvaldomagalhaes.com.br\/index.php\/wp-json\/wp\/v2\/posts\/47813\/revisions\/47818"}],"wp:featuredmedia":[{"embeddable":true,"href":"https:\/\/blogdoedvaldomagalhaes.com.br\/index.php\/wp-json\/wp\/v2\/media\/47814"}],"wp:attachment":[{"href":"https:\/\/blogdoedvaldomagalhaes.com.br\/index.php\/wp-json\/wp\/v2\/media?parent=47813"}],"wp:term":[{"taxonomy":"category","embeddable":true,"href":"https:\/\/blogdoedvaldomagalhaes.com.br\/index.php\/wp-json\/wp\/v2\/categories?post=47813"},{"taxonomy":"post_tag","embeddable":true,"href":"https:\/\/blogdoedvaldomagalhaes.com.br\/index.php\/wp-json\/wp\/v2\/tags?post=47813"}],"curies":[{"name":"wp","href":"https:\/\/api.w.org\/{rel}","templated":true}]}}