{"id":47809,"date":"2019-10-25T19:03:36","date_gmt":"2019-10-25T22:03:36","guid":{"rendered":"http:\/\/blogdoedvaldomagalhaes.com.br\/?p=47809"},"modified":"2019-10-25T19:03:39","modified_gmt":"2019-10-25T22:03:39","slug":"4-festival-de-bandas-de-garagem-sera-realizado-neste-fim-de-semana-em-agrestina-pe","status":"publish","type":"post","link":"https:\/\/blogdoedvaldomagalhaes.com.br\/index.php\/2019\/10\/25\/4-festival-de-bandas-de-garagem-sera-realizado-neste-fim-de-semana-em-agrestina-pe\/","title":{"rendered":"4\u00b0 Festival de Bandas de Garagem ser\u00e1 realizado neste fim de semana em Agrestina-PE"},"content":{"rendered":"<p style=\"text-align: justify;\"><span style=\"font-size: inherit;\">Uma vitrine de m\u00faltiplos ritmos. Essa \u00e9 a defini\u00e7\u00e3o do Festival de Bandas de Garagem que acontece nesse fim de semana em Agrestina-PE. Esta \u00e9 a 4\u00b0 edi\u00e7\u00e3o deste evento que \u00e9 o \u00fanico do segmento em toda a regi\u00e3o, e visa promover e valorizar os artistas locais. O Festival acontece s\u00e1bado e domingo, dias 26 e 27 de outubro, \u00e0s 19h, na Pra\u00e7a da sede do Poder Legislativo (centro da cidade).<\/span><\/p>\n<p style=\"text-align: justify;\">A organiza\u00e7\u00e3o do festival pretende agradar praticamente quase todos os gostos musicais, desde o forr\u00f3, passando pelo pop rock, rap, sertanejo, MPB e at\u00e9 ritmos rec\u00e9m surgidos, como o fen\u00f4meno brega funk pernambucano. O Bandas de Garagem, al\u00e9m de proporcionar um espa\u00e7o para que a popula\u00e7\u00e3o conhe\u00e7a os talentos que existem no munic\u00edpio, tamb\u00e9m busca promover a valoriza\u00e7\u00e3o dos artistas locais. \u201cQueremos proporcionar a eles a sensa\u00e7\u00e3o que todo artista profissional possui, com toda estrutura e assessoria necess\u00e1ria\u201d, disse o coordenador de Juventude da pasta realizadora do evento, Wam Galv\u00e3o.<\/p>\n<p style=\"text-align: justify;\">Ainda de acordo com o gestor, o evento vem buscando melhorar a cada ano, corrigindo as pequenas falhas de principiantes para que, a m\u00e9dio ou longo prazo, o festival seja tamb\u00e9m um catalisador de talentos das cidades circunvizinhas.<\/p>\n<p style=\"text-align: justify;\">Este ano o festival ganhou algumas mudan\u00e7as, como um espa\u00e7o com estrutura necess\u00e1ria para ensaio, providenciado pela gest\u00e3o para os grupos que desejassem, al\u00e9m de um dia a mais de evento, com o objetivo de contemplar o n\u00famero de artistas interessados em participar. O s\u00e1bado, dia 26, ser\u00e1 reservado aos grupos musicais, e o domingo, dia 27, aos artistas solos. Todos os artistas contar\u00e3o com uma hora de apresenta\u00e7\u00e3o. O t\u00e9rmino do evento est\u00e1 previsto para \u00e0s 00h00.<\/p>\n<p style=\"text-align: justify;\">\u201cNossa ideia, desde o in\u00edcio, \u00e9 transform\u00e1-lo em um festival grande, que fique marcado no calend\u00e1rio festivo do munic\u00edpio, tenha v\u00e1rios dias de realiza\u00e7\u00e3o e possa contemplar todos os estilos musicais. Da mesma forma que a gest\u00e3o deve promover sa\u00fade e educa\u00e7\u00e3o deve tamb\u00e9m promover oportunidades atrav\u00e9s da cultura\u201d, comentou o coordenador de Juventude. A expectativa para essa edi\u00e7\u00e3o \u00e9 de p\u00fablico recorde nos dois dias de evento.<\/p>\n<p style=\"text-align: justify;\">O 4\u00b0 Festival de Bandas de Garagem \u00e9 uma realiza\u00e7\u00e3o da Prefeitura de Agrestina, atrav\u00e9s da Secretaria de Desenvolvimento Social e Juventude e apoio da Secretaria de Cultura e Turismo.<\/p>\n","protected":false},"excerpt":{"rendered":"<p>Uma vitrine de m\u00faltiplos ritmos. Essa \u00e9 a defini\u00e7\u00e3o do Festival de Bandas de Garagem que acontece nesse fim de&hellip;<\/p>\n","protected":false},"author":1,"featured_media":47810,"comment_status":"open","ping_status":"open","sticky":false,"template":"","format":"standard","meta":{"footnotes":""},"categories":[14120],"tags":[16471,2],"class_list":["post-47809","post","type-post","status-publish","format-standard","has-post-thumbnail","hentry","category-noticias","tag-4-festival-de-bandas-de-garagem-sera-realizado-neste-fim-de-semana-em-agrestina-pe","tag-blog-do-edvaldo-magalhaes"],"_links":{"self":[{"href":"https:\/\/blogdoedvaldomagalhaes.com.br\/index.php\/wp-json\/wp\/v2\/posts\/47809","targetHints":{"allow":["GET"]}}],"collection":[{"href":"https:\/\/blogdoedvaldomagalhaes.com.br\/index.php\/wp-json\/wp\/v2\/posts"}],"about":[{"href":"https:\/\/blogdoedvaldomagalhaes.com.br\/index.php\/wp-json\/wp\/v2\/types\/post"}],"author":[{"embeddable":true,"href":"https:\/\/blogdoedvaldomagalhaes.com.br\/index.php\/wp-json\/wp\/v2\/users\/1"}],"replies":[{"embeddable":true,"href":"https:\/\/blogdoedvaldomagalhaes.com.br\/index.php\/wp-json\/wp\/v2\/comments?post=47809"}],"version-history":[{"count":1,"href":"https:\/\/blogdoedvaldomagalhaes.com.br\/index.php\/wp-json\/wp\/v2\/posts\/47809\/revisions"}],"predecessor-version":[{"id":47811,"href":"https:\/\/blogdoedvaldomagalhaes.com.br\/index.php\/wp-json\/wp\/v2\/posts\/47809\/revisions\/47811"}],"wp:featuredmedia":[{"embeddable":true,"href":"https:\/\/blogdoedvaldomagalhaes.com.br\/index.php\/wp-json\/wp\/v2\/media\/47810"}],"wp:attachment":[{"href":"https:\/\/blogdoedvaldomagalhaes.com.br\/index.php\/wp-json\/wp\/v2\/media?parent=47809"}],"wp:term":[{"taxonomy":"category","embeddable":true,"href":"https:\/\/blogdoedvaldomagalhaes.com.br\/index.php\/wp-json\/wp\/v2\/categories?post=47809"},{"taxonomy":"post_tag","embeddable":true,"href":"https:\/\/blogdoedvaldomagalhaes.com.br\/index.php\/wp-json\/wp\/v2\/tags?post=47809"}],"curies":[{"name":"wp","href":"https:\/\/api.w.org\/{rel}","templated":true}]}}