{"id":47806,"date":"2019-10-25T12:59:56","date_gmt":"2019-10-25T15:59:56","guid":{"rendered":"http:\/\/blogdoedvaldomagalhaes.com.br\/?p=47806"},"modified":"2019-10-25T12:59:59","modified_gmt":"2019-10-25T15:59:59","slug":"prefeitura-de-caruaru-divulga-lista-dos-candidatos-ao-minha-casa-minha-vida","status":"publish","type":"post","link":"https:\/\/blogdoedvaldomagalhaes.com.br\/index.php\/2019\/10\/25\/prefeitura-de-caruaru-divulga-lista-dos-candidatos-ao-minha-casa-minha-vida\/","title":{"rendered":"Prefeitura de Caruaru divulga lista dos candidatos ao Minha Casa Minha Vida"},"content":{"rendered":"<p style=\"text-align: justify;\">A Prefeitura de Caruaru, por meio da Ger\u00eancia de Habita\u00e7\u00e3o da Secretaria de Desenvolvimento Social e Direitos Humanos (SDSDH), divulgou nesta quinta-feira, 24 de outubro, por meio do Di\u00e1rio Oficial do Munic\u00edpio de n\u00ba 906 a rela\u00e7\u00e3o dos 9.474 candidatos a benefici\u00e1rios inscritos no Programa Minha Casa Minha Vida \u2013 Residencial Jardins. Os candidatos foram submetidos \u00e0 an\u00e1lise do Sistema de Tratamento Habitacional da Caixa Econ\u00f4mica Federal \u2013 SITAH, dos quais, 8.438 foram considerados compat\u00edveis, 754 incompat\u00edveis, 195 rejeitados e 87 cancelados. Al\u00e9m do Di\u00e1rio Oficial, que pode ser acessado atrav\u00e9s do site www.caruaru.pe.gov.br<a href=\"http:\/\/www.caruaru.pe.gov.br\/\">www.caruaru.pe.gov.br<\/a>, no link: http:\/\/diario-oficial.caruaru.pe.gov.br\/#\/home<a href=\"http:\/\/diario-oficial.caruaru.pe.gov.br\/#\/home\">http:\/\/diario-oficial.caruaru.pe.gov.br\/#\/home<\/a>, as listagens est\u00e3o dispon\u00edveis para consulta no pr\u00e9dio da Ger\u00eancia de Habita\u00e7\u00e3o da SDSDH, que fica na Rua Floriano Peixoto, n\u00ba 147, Centro (na cal\u00e7ada da CDL), e at\u00e9 a pr\u00f3xima ter\u00e7a-feira (29) estar\u00e3o em todos os dez CRAS do munic\u00edpio localizados nas zonas urbana e rural.<\/p>\n<p style=\"text-align: justify;\">Os candidatos compat\u00edveis s\u00e3o os que participar\u00e3o da pr\u00f3xima etapa do programa, que \u00e9 sorteio previsto para a segunda quinzena de dezembro\/2019. J\u00e1 os incompat\u00edveis e o cancelados n\u00e3o participar\u00e3o. Para os 195 candidatos considerados rejeitados ser\u00e1 aberto o prazo de 30 dias para sanar as pend\u00eancias apresentadas pelo sistema do SITAH, ficando determinado como per\u00edodo para isso, de 25\/10\/2019 \u00e0 25\/11\/2019. Os rejeitados ainda podem entrar no sorteio, se regularizarem a situa\u00e7\u00e3o. A regulariza\u00e7\u00e3o dessas pend\u00eancias ser\u00e3o realizadas na Gerencia de Habita\u00e7\u00e3o, das 08h \u00e0s 15h. Ap\u00f3s esse prazo, os candidatos que n\u00e3o regularizarem os cadastros ficar\u00e3o impedidos de participar das pr\u00f3ximas etapas do programa.<\/p>\n<p style=\"text-align: justify;\">Os candidatos que tiveram as inscri\u00e7\u00f5es canceladas foram enquadrados nas situa\u00e7\u00f5es: mudan\u00e7a de domic\u00edlio; mudan\u00e7a da condi\u00e7\u00e3o de RF (Respons\u00e1vel Familiar) para a condi\u00e7\u00e3o de participante do grupo familiar; exclus\u00e3o l\u00f3gica do NIS pelo sistema CAD; por falta de atualiza\u00e7\u00e3o cadastral por motivo de averigua\u00e7\u00e3o cadastral; pessoa menor de 18 anos; a pedido da pessoa cadastrada; ap\u00f3s parecer social realizado por profissional t\u00e9cnico constatando irregularidades nas informa\u00e7\u00f5es apresentadas no momento do cadastro ou por \u00f3bito do RF.<\/p>\n","protected":false},"excerpt":{"rendered":"<p>A Prefeitura de Caruaru, por meio da Ger\u00eancia de Habita\u00e7\u00e3o da Secretaria de Desenvolvimento Social e Direitos Humanos (SDSDH), divulgou&hellip;<\/p>\n","protected":false},"author":1,"featured_media":47807,"comment_status":"open","ping_status":"open","sticky":false,"template":"","format":"standard","meta":{"footnotes":""},"categories":[14120],"tags":[2,16470],"class_list":["post-47806","post","type-post","status-publish","format-standard","has-post-thumbnail","hentry","category-noticias","tag-blog-do-edvaldo-magalhaes","tag-prefeitura-de-caruaru-divulga-lista-dos-candidatos-ao-minha-casa-minha-vida"],"_links":{"self":[{"href":"https:\/\/blogdoedvaldomagalhaes.com.br\/index.php\/wp-json\/wp\/v2\/posts\/47806","targetHints":{"allow":["GET"]}}],"collection":[{"href":"https:\/\/blogdoedvaldomagalhaes.com.br\/index.php\/wp-json\/wp\/v2\/posts"}],"about":[{"href":"https:\/\/blogdoedvaldomagalhaes.com.br\/index.php\/wp-json\/wp\/v2\/types\/post"}],"author":[{"embeddable":true,"href":"https:\/\/blogdoedvaldomagalhaes.com.br\/index.php\/wp-json\/wp\/v2\/users\/1"}],"replies":[{"embeddable":true,"href":"https:\/\/blogdoedvaldomagalhaes.com.br\/index.php\/wp-json\/wp\/v2\/comments?post=47806"}],"version-history":[{"count":1,"href":"https:\/\/blogdoedvaldomagalhaes.com.br\/index.php\/wp-json\/wp\/v2\/posts\/47806\/revisions"}],"predecessor-version":[{"id":47808,"href":"https:\/\/blogdoedvaldomagalhaes.com.br\/index.php\/wp-json\/wp\/v2\/posts\/47806\/revisions\/47808"}],"wp:featuredmedia":[{"embeddable":true,"href":"https:\/\/blogdoedvaldomagalhaes.com.br\/index.php\/wp-json\/wp\/v2\/media\/47807"}],"wp:attachment":[{"href":"https:\/\/blogdoedvaldomagalhaes.com.br\/index.php\/wp-json\/wp\/v2\/media?parent=47806"}],"wp:term":[{"taxonomy":"category","embeddable":true,"href":"https:\/\/blogdoedvaldomagalhaes.com.br\/index.php\/wp-json\/wp\/v2\/categories?post=47806"},{"taxonomy":"post_tag","embeddable":true,"href":"https:\/\/blogdoedvaldomagalhaes.com.br\/index.php\/wp-json\/wp\/v2\/tags?post=47806"}],"curies":[{"name":"wp","href":"https:\/\/api.w.org\/{rel}","templated":true}]}}