{"id":47803,"date":"2019-10-25T12:56:30","date_gmt":"2019-10-25T15:56:30","guid":{"rendered":"http:\/\/blogdoedvaldomagalhaes.com.br\/?p=47803"},"modified":"2019-10-25T12:56:33","modified_gmt":"2019-10-25T15:56:33","slug":"policia-apreende-carga-de-cigarros-em-caruaru","status":"publish","type":"post","link":"https:\/\/blogdoedvaldomagalhaes.com.br\/index.php\/2019\/10\/25\/policia-apreende-carga-de-cigarros-em-caruaru\/","title":{"rendered":"Pol\u00edcia apreende carga de cigarros em Caruaru"},"content":{"rendered":"<p style=\"text-align: justify;\">Policias Militares lotados no 1\u00ba BIESP em Caruaru, prenderam, na \u00faltima quarta-feira, 23, por volta das 13h,\u00a0<strong>ANTONIO DA SILVA TORRES<\/strong>, agricultor, 43 anos, solteiro, natural de Cupira e residente no bairro Alto do Banana em Caruaru \u2013 (n\u00e3o possui antecedentes criminais). A pris\u00e3o aconteceu quando o N\u00facleo de Intelig\u00eancia do Agreste-NIA da Pol\u00edcia Militar recebeu a informa\u00e7\u00e3o de que estava sendo descarregada uma grande quantidade de cigarros contrabandeados de origem estrangeira, de um ve\u00edculo Fiat Dobl\u00f4 (cor preta e placas KJE-8911-PE) no parque 18 maio em Caruaru\/PE e que tal carga estaria sendo armazenada em 03 (tr\u00eas) bancas da feira..<\/p>\n<p style=\"text-align: justify;\">De posse dessas informa\u00e7\u00f5es foi montada uma a\u00e7\u00e3o policial com vistas a averiguar a veracidade das informa\u00e7\u00f5es e coibir o poss\u00edvel com\u00e9rcio ilegal. A a\u00e7\u00e3o teve seu desfecho quando os policiais militares do 1\u00ba BIESP ao chegarem no local por volta das 13h, flagraram, o agricultor quando estava quase acabando de colocar os cigarros dentro das bancas. Ao todos foram apreendidos 1.095 (mil e noventa e cinco) pacotes de cigarros estrangeiros, os quais corresponde cerca de 381 mil cigarros das marcas Gold Seal, San Marino, Black, Gift, Eight. Terminado os trabalhos de pol\u00edcia ostensiva e tendo sido encontrado os cigarros irregulares, o suspeito, recebeu, voz de pris\u00e3o em flagrante, teve informado os seus direitos e garantias constitucionais e em seguida por se tratar de crime de compet\u00eancia da Pol\u00edcia Federal, foi levado para a Delegacia de Caruaru, para as formalidades legais de Pol\u00edcia Judici\u00e1ria, tendo sido autuado em flagrante pela pr\u00e1tica contida no artigo 334-A, \u00a7 1\u00ba, inciso V do C\u00f3digo Penal (Descaminho: adquirir mercadoria de origem estrangeira, desacompanhada de documenta\u00e7\u00e3o legal) e, caso venham a ser condenado poder\u00e1 pegar penas que variam de 2 a 4 anos de reclus\u00e3o).<\/p>\n<p style=\"text-align: justify;\">Ap\u00f3s a autua\u00e7\u00e3o, o preso realizou exame de corpo de delito no IML-Instituto de Medicina Legal, passou pela audi\u00eancia de cust\u00f3dia e foi liberado mediante pagamento de R$ 7.500 (sete mil e quinhentos reais) de fian\u00e7a, onde deve responder ao processo em liberdade, ficando \u00e0 disposi\u00e7\u00e3o da Justi\u00e7a Federal. Em seu interrogat\u00f3rio o preso afirmou que possui 3 bancas na feira de Caruaru onde armazena e vende cigarros contrabandeados e que vem comercializando tais produtos h\u00e1 cerca de 3 meses. Por fim disse que n\u00e3o sabia que era crime vender tais cigarros contrabandeados e que n\u00e3o sabe dar maiores informa\u00e7\u00f5es sobre a pessoa que lhe repassou tais produtos. O ve\u00edculo apreendido pertence a um amigo do conduzido e n\u00e3o tem nenhuma ocorr\u00eancia de roubo ou furto.<\/p>\n<p style=\"text-align: justify;\">Neste tipo de pr\u00e1tica criminosa tais infratores sempre est\u00e3o ligados \u00e0 sonega\u00e7\u00e3o fiscal, lavagem de dinheiro e corrup\u00e7\u00e3o de agentes p\u00fablicos. H\u00e1 toda uma rede organizada por tr\u00e1s do contrabando quais sejam: fabricantes, dep\u00f3sitos, rede de distribui\u00e7\u00e3o e vendedor final. Cada mercadoria que entra no pa\u00eds sem recolher o devido imposto representa um produto a mais no mercado formal que deixou de ser vendido. Assim, deixa-se de arrecadar impostos com recursos que poderiam ser investidos na sa\u00fade, educa\u00e7\u00e3o, seguran\u00e7a e habita\u00e7\u00e3o, al\u00e9m de gerar desemprego com a demiss\u00e3o de funcion\u00e1rios e fechamento de lojas em virtude da concorr\u00eancia desleal pelos pre\u00e7os que s\u00e3o aplicados bem abaixo do mercado (as empresas que contratam seus funcion\u00e1rios pagam todos os encargos trabalhistas como f\u00e9rias, 13\u00ba sal\u00e1rio, plano de sa\u00fade, indeniza\u00e7\u00e3o por tempo de servi\u00e7o), enquanto que tais infratores n\u00e3o tem compromisso com nada disso.<\/p>\n<p style=\"text-align: justify;\"><strong>AUMENTO DA PENA PARA O CRIME DE CONTRABANDO<\/strong>:<br \/>\nNo dia 27.06.2014 a ex-Presidente Dilma Rousseff sancionou a lei que aumenta a puni\u00e7\u00e3o para o crime de contrabando. A nova legisla\u00e7\u00e3o, elevou a pena que era de 1 a 4 anos de pris\u00e3o para 2 a 5 anos. Antes quem era preso com contrabando pagava fian\u00e7a e respondia ao processo em liberdade, agora quem for preso com cigarros contrabandeados n\u00e3o ter\u00e1 o benef\u00edcio da fian\u00e7a e ir\u00e1 direto para o pres\u00eddio, caso seja confirmada a pris\u00e3o na audi\u00eancia de cust\u00f3dia. A lei sancionada prev\u00ea ainda que a pena para o crime de contrabando seja dobrada nos casos em que o ato il\u00edcito for cometido por meio do transporte a\u00e9reo, mar\u00edtimo ou fluvial.<\/p>\n<p>Informa\u00e7\u00f5es e foto: Pol\u00edcia Federal.<\/p>\n","protected":false},"excerpt":{"rendered":"<p>Policias Militares lotados no 1\u00ba BIESP em Caruaru, prenderam, na \u00faltima quarta-feira, 23, por volta das 13h,\u00a0ANTONIO DA SILVA TORRES,&hellip;<\/p>\n","protected":false},"author":1,"featured_media":47804,"comment_status":"open","ping_status":"open","sticky":false,"template":"","format":"standard","meta":{"footnotes":""},"categories":[14121],"tags":[2,16469],"class_list":["post-47803","post","type-post","status-publish","format-standard","has-post-thumbnail","hentry","category-policial","tag-blog-do-edvaldo-magalhaes","tag-policia-apreende-carga-de-cigarros-em-caruaru"],"_links":{"self":[{"href":"https:\/\/blogdoedvaldomagalhaes.com.br\/index.php\/wp-json\/wp\/v2\/posts\/47803","targetHints":{"allow":["GET"]}}],"collection":[{"href":"https:\/\/blogdoedvaldomagalhaes.com.br\/index.php\/wp-json\/wp\/v2\/posts"}],"about":[{"href":"https:\/\/blogdoedvaldomagalhaes.com.br\/index.php\/wp-json\/wp\/v2\/types\/post"}],"author":[{"embeddable":true,"href":"https:\/\/blogdoedvaldomagalhaes.com.br\/index.php\/wp-json\/wp\/v2\/users\/1"}],"replies":[{"embeddable":true,"href":"https:\/\/blogdoedvaldomagalhaes.com.br\/index.php\/wp-json\/wp\/v2\/comments?post=47803"}],"version-history":[{"count":1,"href":"https:\/\/blogdoedvaldomagalhaes.com.br\/index.php\/wp-json\/wp\/v2\/posts\/47803\/revisions"}],"predecessor-version":[{"id":47805,"href":"https:\/\/blogdoedvaldomagalhaes.com.br\/index.php\/wp-json\/wp\/v2\/posts\/47803\/revisions\/47805"}],"wp:featuredmedia":[{"embeddable":true,"href":"https:\/\/blogdoedvaldomagalhaes.com.br\/index.php\/wp-json\/wp\/v2\/media\/47804"}],"wp:attachment":[{"href":"https:\/\/blogdoedvaldomagalhaes.com.br\/index.php\/wp-json\/wp\/v2\/media?parent=47803"}],"wp:term":[{"taxonomy":"category","embeddable":true,"href":"https:\/\/blogdoedvaldomagalhaes.com.br\/index.php\/wp-json\/wp\/v2\/categories?post=47803"},{"taxonomy":"post_tag","embeddable":true,"href":"https:\/\/blogdoedvaldomagalhaes.com.br\/index.php\/wp-json\/wp\/v2\/tags?post=47803"}],"curies":[{"name":"wp","href":"https:\/\/api.w.org\/{rel}","templated":true}]}}