{"id":474,"date":"2018-12-08T17:10:00","date_gmt":"2018-12-08T19:10:00","guid":{"rendered":"http:\/\/blogdoedvaldomagalhaes.com.br\/index.php\/2018\/12\/08\/travesti-sofre-tentativa-de-homicidio\/"},"modified":"2019-02-09T02:45:10","modified_gmt":"2019-02-09T04:45:10","slug":"travesti-sofre-tentativa-de-homicidio","status":"publish","type":"post","link":"https:\/\/blogdoedvaldomagalhaes.com.br\/index.php\/2018\/12\/08\/travesti-sofre-tentativa-de-homicidio\/","title":{"rendered":"Travesti sofre tentativa de homic\u00eddio em S\u00e3o Domingos e pol\u00edcia investiga se foi homofobia"},"content":{"rendered":"<div class=\"separator\" style=\"clear: both; text-align: center;\">\n<a href=\"https:\/\/4.bp.blogspot.com\/-Yjx-re2PNCs\/XAv4_S0oIpI\/AAAAAAAA_T4\/jhUQYvSxxGAxfecptDR_BWI-K2TbtkCXQCLcBGAs\/s1600\/ela.jpg\" imageanchor=\"1\" style=\"margin-left: 1em; margin-right: 1em;\"><img loading=\"lazy\" decoding=\"async\" border=\"0\" data-original-height=\"573\" data-original-width=\"333\" height=\"640\" src=\"http:\/\/blogdoedvaldomagalhaes.com.br\/wp-content\/uploads\/2018\/12\/ela-1.jpg\" width=\"370\" \/><\/a><\/div>\n<div style=\"text-align: justify;\">\n<\/div>\n<div style=\"text-align: justify;\">\nNa madrugada deste s\u00e1bado (08), Wanderson da Silva Moura, de 23 anos de idade, travesti e que atende pelo nome de &#8220;Kamila Fran\u00e7a&#8221; foi esfaqueado quando estava no Loteamento Buraco de Gerson, em S\u00e3o Domingos, distrito do Brejo da Madre de Deus, no Agreste de Pernambuco.<\/div>\n<div style=\"text-align: justify;\">\n<\/div>\n<div style=\"text-align: justify;\">\nA v\u00edtima foi socorrida para a Policl\u00ednica deS\u00e3o Domingo, depois transferida para o Hospital Regional do Agreste (HRA), em Caruaru, e encaminhada para o Hospital da Restaura\u00e7\u00e3o (HR), em Recife. Segundo informa\u00e7\u00f5es, o estado de sa\u00fade da v\u00edtima \u00e9 grave e a pol\u00edcia est\u00e1 investigando a autoria e a motiva\u00e7\u00e3o do crime, como tamb\u00e9m se foi homofobia.<\/div>\n<div style=\"text-align: justify;\">\n<\/div>\n<div style=\"text-align: justify;\">\nInforma\u00e7\u00f5es e Foto: Kalebe Pereira\/Caruaru 24 Horas.<\/div>\n<div style=\"text-align: justify;\">\n<\/div>\n<div style=\"text-align: justify;\">\n<\/div>\n<div style=\"text-align: justify;\">\n<\/div>\n","protected":false},"excerpt":{"rendered":"<p>Na madrugada deste s\u00e1bado (08), Wanderson da Silva Moura, de 23 anos de idade, travesti e que atende pelo nome&hellip;<\/p>\n","protected":false},"author":1,"featured_media":0,"comment_status":"open","ping_status":"open","sticky":false,"template":"","format":"standard","meta":{"footnotes":""},"categories":[1],"tags":[2,13,382],"class_list":["post-474","post","type-post","status-publish","format-standard","hentry","category-sem-categoria","tag-blog-do-edvaldo-magalhaes","tag-policial","tag-travesti-sofre-tentativa-de-homicidio-em-sao-domingos-e-policia-investiga-se-foi-homofobia"],"_links":{"self":[{"href":"https:\/\/blogdoedvaldomagalhaes.com.br\/index.php\/wp-json\/wp\/v2\/posts\/474","targetHints":{"allow":["GET"]}}],"collection":[{"href":"https:\/\/blogdoedvaldomagalhaes.com.br\/index.php\/wp-json\/wp\/v2\/posts"}],"about":[{"href":"https:\/\/blogdoedvaldomagalhaes.com.br\/index.php\/wp-json\/wp\/v2\/types\/post"}],"author":[{"embeddable":true,"href":"https:\/\/blogdoedvaldomagalhaes.com.br\/index.php\/wp-json\/wp\/v2\/users\/1"}],"replies":[{"embeddable":true,"href":"https:\/\/blogdoedvaldomagalhaes.com.br\/index.php\/wp-json\/wp\/v2\/comments?post=474"}],"version-history":[{"count":1,"href":"https:\/\/blogdoedvaldomagalhaes.com.br\/index.php\/wp-json\/wp\/v2\/posts\/474\/revisions"}],"predecessor-version":[{"id":36634,"href":"https:\/\/blogdoedvaldomagalhaes.com.br\/index.php\/wp-json\/wp\/v2\/posts\/474\/revisions\/36634"}],"wp:attachment":[{"href":"https:\/\/blogdoedvaldomagalhaes.com.br\/index.php\/wp-json\/wp\/v2\/media?parent=474"}],"wp:term":[{"taxonomy":"category","embeddable":true,"href":"https:\/\/blogdoedvaldomagalhaes.com.br\/index.php\/wp-json\/wp\/v2\/categories?post=474"},{"taxonomy":"post_tag","embeddable":true,"href":"https:\/\/blogdoedvaldomagalhaes.com.br\/index.php\/wp-json\/wp\/v2\/tags?post=474"}],"curies":[{"name":"wp","href":"https:\/\/api.w.org\/{rel}","templated":true}]}}