{"id":4726,"date":"2017-09-11T10:31:00","date_gmt":"2017-09-11T13:31:00","guid":{"rendered":"http:\/\/blogdoedvaldomagalhaes.com.br\/index.php\/2017\/09\/11\/feto-e-encontrado-apos-possivel-ritua\/"},"modified":"2019-02-09T01:44:01","modified_gmt":"2019-02-09T03:44:01","slug":"feto-e-encontrado-apos-possivel-ritua","status":"publish","type":"post","link":"https:\/\/blogdoedvaldomagalhaes.com.br\/index.php\/2017\/09\/11\/feto-e-encontrado-apos-possivel-ritua\/","title":{"rendered":"Feto \u00e9 encontrado ap\u00f3s poss\u00edvel ritual de magia negra em Santa Cruz do Capibaribe"},"content":{"rendered":"<div class=\"separator\" style=\"clear: both; text-align: center;\">\n<a href=\"https:\/\/1.bp.blogspot.com\/-sksmmw1BdNU\/WbZl4eSKj9I\/AAAAAAAAeRU\/2UAc8Bl2Ci0RlSfVOg13SKX7qlad_i-IQCLcBGAs\/s1600\/sta.jpeg\" imageanchor=\"1\" style=\"margin-left: 1em; margin-right: 1em;\"><img loading=\"lazy\" decoding=\"async\" border=\"0\" data-original-height=\"249\" data-original-width=\"300\" height=\"332\" src=\"http:\/\/blogdoedvaldomagalhaes.com.br\/wp-content\/uploads\/2017\/09\/sta.jpeg\" width=\"400\" \/><\/a><\/div>\n<div class=\"separator\" style=\"clear: both; text-align: center;\">\nFoto: Paulo Viana\/Blog do Ney Lima<\/div>\n<div style=\"background: white; line-height: 18.0pt; margin-bottom: 7.5pt; margin-left: 0cm; margin-right: 0cm; margin-top: 0cm; text-align: justify;\">\n<\/div>\n<div style=\"background: white; line-height: 18.0pt; margin-bottom: 7.5pt; margin-left: 0cm; margin-right: 0cm; margin-top: 0cm; text-align: justify;\">\nUm feto foi localizado na<br \/>\nmanh\u00e3 deste domingo (10), no cruzamento entre as Ruas Mois\u00e9s Ferreira e<br \/>\nGraciliano Arruda, no Centro de Santa Cruz do Capibaribe, Agreste pernambucano.<\/div>\n<div style=\"background: white; box-sizing: border-box; line-height: 18pt; margin: 0cm 0cm 7.5pt; text-align: justify;\">\nDe acordo com a Pol\u00edcia Civil, que esteve no local fazendo a<br \/>\nper\u00edcia, o caso deve ter liga\u00e7\u00e3o com algum ritual de magia negra, pois foram<br \/>\nencontradas velas, p\u00e9talas de rosa, panela de barro quebrada e foto de um<br \/>\ncasal.<\/div>\n<div style=\"background: white; box-sizing: border-box; line-height: 18pt; margin: 0cm 0cm 7.5pt; text-align: justify;\">\nAs imagens de c\u00e2meras que se encontram nas proximidades devem ser<br \/>\nanalisadas para que o caso seja investigado. O primeiro passo ser\u00e1 identificar<br \/>\no casal encontrado na foto.<\/div>\n<p><\/p>\n<div style=\"background: white; box-sizing: border-box; line-height: 18pt; margin: 0cm 0cm 7.5pt; text-align: justify;\">\nO feto foi recolhido pelo Samu e levado para a Delegacia. O caso<br \/>\nser\u00e1 investigado pelo delegado Rodolfo Bacelar.<\/div>\n","protected":false},"excerpt":{"rendered":"<p>Foto: Paulo Viana\/Blog do Ney Lima Um feto foi localizado na manh\u00e3 deste domingo (10), no cruzamento entre as Ruas&hellip;<\/p>\n","protected":false},"author":1,"featured_media":0,"comment_status":"open","ping_status":"open","sticky":false,"template":"","format":"standard","meta":{"footnotes":""},"categories":[1],"tags":[2,5982,13,4668],"class_list":["post-4726","post","type-post","status-publish","format-standard","hentry","category-sem-categoria","tag-blog-do-edvaldo-magalhaes","tag-feto-e-encontrado-apos-possivel-ritual-de-magia-negra-em-santa-cruz-do-capibaribe","tag-policial","tag-ultimas-noticias-policiais"],"_links":{"self":[{"href":"https:\/\/blogdoedvaldomagalhaes.com.br\/index.php\/wp-json\/wp\/v2\/posts\/4726","targetHints":{"allow":["GET"]}}],"collection":[{"href":"https:\/\/blogdoedvaldomagalhaes.com.br\/index.php\/wp-json\/wp\/v2\/posts"}],"about":[{"href":"https:\/\/blogdoedvaldomagalhaes.com.br\/index.php\/wp-json\/wp\/v2\/types\/post"}],"author":[{"embeddable":true,"href":"https:\/\/blogdoedvaldomagalhaes.com.br\/index.php\/wp-json\/wp\/v2\/users\/1"}],"replies":[{"embeddable":true,"href":"https:\/\/blogdoedvaldomagalhaes.com.br\/index.php\/wp-json\/wp\/v2\/comments?post=4726"}],"version-history":[{"count":1,"href":"https:\/\/blogdoedvaldomagalhaes.com.br\/index.php\/wp-json\/wp\/v2\/posts\/4726\/revisions"}],"predecessor-version":[{"id":24132,"href":"https:\/\/blogdoedvaldomagalhaes.com.br\/index.php\/wp-json\/wp\/v2\/posts\/4726\/revisions\/24132"}],"wp:attachment":[{"href":"https:\/\/blogdoedvaldomagalhaes.com.br\/index.php\/wp-json\/wp\/v2\/media?parent=4726"}],"wp:term":[{"taxonomy":"category","embeddable":true,"href":"https:\/\/blogdoedvaldomagalhaes.com.br\/index.php\/wp-json\/wp\/v2\/categories?post=4726"},{"taxonomy":"post_tag","embeddable":true,"href":"https:\/\/blogdoedvaldomagalhaes.com.br\/index.php\/wp-json\/wp\/v2\/tags?post=4726"}],"curies":[{"name":"wp","href":"https:\/\/api.w.org\/{rel}","templated":true}]}}