{"id":4725,"date":"2017-09-11T10:35:00","date_gmt":"2017-09-11T13:35:00","guid":{"rendered":"http:\/\/blogdoedvaldomagalhaes.com.br\/index.php\/2017\/09\/11\/registrados-34-assaltos-onibus-e-46\/"},"modified":"2019-02-09T01:44:01","modified_gmt":"2019-02-09T03:44:01","slug":"registrados-34-assaltos-onibus-e-46","status":"publish","type":"post","link":"https:\/\/blogdoedvaldomagalhaes.com.br\/index.php\/2017\/09\/11\/registrados-34-assaltos-onibus-e-46\/","title":{"rendered":"Registrados 34 assaltos a \u00f4nibus e 46 assassinatos no fim de semana em Pernambuco"},"content":{"rendered":"<div class=\"separator\" style=\"clear: both; text-align: center;\">\n<a href=\"https:\/\/1.bp.blogspot.com\/-bC_pxaebYTM\/WbZmz2uR1CI\/AAAAAAAAeRc\/hzMNOpDF_EQ2IZHxco81eSZGioIOfVchwCLcBGAs\/s1600\/vioencia.gif\" imageanchor=\"1\" style=\"margin-left: 1em; margin-right: 1em;\"><img loading=\"lazy\" decoding=\"async\" border=\"0\" data-original-height=\"200\" data-original-width=\"366\" height=\"217\" src=\"http:\/\/blogdoedvaldomagalhaes.com.br\/wp-content\/uploads\/2017\/09\/vioencia.gif\" width=\"400\" \/><\/a><\/div>\n<div style=\"background: white; line-height: 18.0pt; margin-bottom: 7.5pt; margin-left: 0cm; margin-right: 0cm; margin-top: 0cm; text-align: justify;\">\n<\/div>\n<div style=\"background: white; line-height: 18.0pt; margin-bottom: 7.5pt; margin-left: 0cm; margin-right: 0cm; margin-top: 0cm; text-align: justify;\">\nO Sindicato dos<br \/>\nRodovi\u00e1rios de Pernambuco contabilizou 11 assaltos a \u00f4nibus nas \u00faltimas 24<br \/>\nhoras, na Regi\u00e3o Metropolitana do Recife. No fim de semana, foram registrados<br \/>\n34 assaltos, no m\u00eas de setembro s\u00e3o 126 e no ano 2.776.<\/div>\n<div style=\"background: white; box-sizing: border-box; line-height: 18pt; margin: 0cm 0cm 7.5pt; text-align: justify;\">\nVinte pessoas foram assassinadas nas \u00faltimas 24 horas em<br \/>\nPernambuco, sendo 8 no Grande Recife e 12 no interior do Estado. No fim de<br \/>\nsemana, ocorreram 46 homic\u00eddios e no ano s\u00e3o 3.798 assassinatos.<\/div>\n<p><\/p>\n<div style=\"background: white; box-sizing: border-box; line-height: 18pt; margin: 0cm 0cm 7.5pt; text-align: justify;\">\nEm Caruaru, foram registrados dois homic\u00eddios no fim de semana, no<a href=\"http:\/\/liberdade.com.br\/fim-de-semana-comeca-com-o-registro-de-13-homicidios-em-pernambuco-dois-em-caruaru\/\" style=\"box-sizing: border-box; transition: 0.3s;\">&nbsp;S\u00edtio Lajes e S\u00edtio Cip\u00f3<\/a>,<br \/>\ncrimes que ocorreram na noite de sexta-feira (08), elevando para 6 o n\u00famero de<br \/>\nhomic\u00eddios no m\u00eas de setembro e para 199 neste ano de 2017 no munic\u00edpio.&nbsp;<\/div>\n<div style=\"background: white; box-sizing: border-box; line-height: 18pt; margin: 0cm 0cm 7.5pt; text-align: justify;\">\nFonte: R\u00e1dio Liberdade.<\/div>\n","protected":false},"excerpt":{"rendered":"<p>O Sindicato dos Rodovi\u00e1rios de Pernambuco contabilizou 11 assaltos a \u00f4nibus nas \u00faltimas 24 horas, na Regi\u00e3o Metropolitana do Recife.&hellip;<\/p>\n","protected":false},"author":1,"featured_media":0,"comment_status":"open","ping_status":"open","sticky":false,"template":"","format":"standard","meta":{"footnotes":""},"categories":[1],"tags":[2,1479,13,5981],"class_list":["post-4725","post","type-post","status-publish","format-standard","hentry","category-sem-categoria","tag-blog-do-edvaldo-magalhaes","tag-noticias-policiais","tag-policial","tag-registrados-34-assaltos-a-onibus-e-46-assassinatos-no-fim-de-semana-em-pernambuco"],"_links":{"self":[{"href":"https:\/\/blogdoedvaldomagalhaes.com.br\/index.php\/wp-json\/wp\/v2\/posts\/4725","targetHints":{"allow":["GET"]}}],"collection":[{"href":"https:\/\/blogdoedvaldomagalhaes.com.br\/index.php\/wp-json\/wp\/v2\/posts"}],"about":[{"href":"https:\/\/blogdoedvaldomagalhaes.com.br\/index.php\/wp-json\/wp\/v2\/types\/post"}],"author":[{"embeddable":true,"href":"https:\/\/blogdoedvaldomagalhaes.com.br\/index.php\/wp-json\/wp\/v2\/users\/1"}],"replies":[{"embeddable":true,"href":"https:\/\/blogdoedvaldomagalhaes.com.br\/index.php\/wp-json\/wp\/v2\/comments?post=4725"}],"version-history":[{"count":1,"href":"https:\/\/blogdoedvaldomagalhaes.com.br\/index.php\/wp-json\/wp\/v2\/posts\/4725\/revisions"}],"predecessor-version":[{"id":24134,"href":"https:\/\/blogdoedvaldomagalhaes.com.br\/index.php\/wp-json\/wp\/v2\/posts\/4725\/revisions\/24134"}],"wp:attachment":[{"href":"https:\/\/blogdoedvaldomagalhaes.com.br\/index.php\/wp-json\/wp\/v2\/media?parent=4725"}],"wp:term":[{"taxonomy":"category","embeddable":true,"href":"https:\/\/blogdoedvaldomagalhaes.com.br\/index.php\/wp-json\/wp\/v2\/categories?post=4725"},{"taxonomy":"post_tag","embeddable":true,"href":"https:\/\/blogdoedvaldomagalhaes.com.br\/index.php\/wp-json\/wp\/v2\/tags?post=4725"}],"curies":[{"name":"wp","href":"https:\/\/api.w.org\/{rel}","templated":true}]}}