{"id":4724,"date":"2017-09-11T14:57:00","date_gmt":"2017-09-11T17:57:00","guid":{"rendered":"http:\/\/blogdoedvaldomagalhaes.com.br\/index.php\/2017\/09\/11\/acidente-com-vitima-fatal-na-br-232-e\/"},"modified":"2019-02-09T01:44:02","modified_gmt":"2019-02-09T03:44:02","slug":"acidente-com-vitima-fatal-na-br-232-e","status":"publish","type":"post","link":"https:\/\/blogdoedvaldomagalhaes.com.br\/index.php\/2017\/09\/11\/acidente-com-vitima-fatal-na-br-232-e\/","title":{"rendered":"Acidente com v\u00edtima fatal na BR-232 em Caruaru"},"content":{"rendered":"<div class=\"separator\" style=\"clear: both; text-align: center;\">\n<\/div>\n<div class=\"separator\" style=\"clear: both; text-align: center;\">\n<a href=\"https:\/\/1.bp.blogspot.com\/-UPx-nSRsvhg\/Wbai_r2pD3I\/AAAAAAAAeSg\/o25qKLvLVE4b8JlkfKYlUkA8jFDw7DPDwCLcBGAs\/s1600\/IMG-20170911-WA0034.jpg\" imageanchor=\"1\" style=\"font-size: x-large; margin-left: 1em; margin-right: 1em;\"><img loading=\"lazy\" decoding=\"async\" border=\"0\" data-original-height=\"581\" data-original-width=\"1032\" height=\"225\" src=\"http:\/\/blogdoedvaldomagalhaes.com.br\/wp-content\/uploads\/2017\/09\/IMG-20170911-WA0034.jpg\" width=\"400\" \/><\/a><\/div>\n<div class=\"separator\" style=\"clear: both; text-align: center;\">\n<a href=\"https:\/\/4.bp.blogspot.com\/-sk3FBLvtWBI\/WbajE3odFqI\/AAAAAAAAeSk\/Hi12hQBc2GIPgv6ha0lFM0BB2tZpmSKTACLcBGAs\/s1600\/IMG-20170911-WA0033.jpg\" imageanchor=\"1\" style=\"margin-left: 1em; margin-right: 1em;\"><img loading=\"lazy\" decoding=\"async\" border=\"0\" data-original-height=\"581\" data-original-width=\"1032\" height=\"225\" src=\"http:\/\/blogdoedvaldomagalhaes.com.br\/wp-content\/uploads\/2017\/09\/IMG-20170911-WA0033.jpg\" width=\"400\" \/><\/a><\/div>\n<div class=\"separator\" style=\"clear: both; text-align: center;\">\n<a href=\"https:\/\/2.bp.blogspot.com\/-Cu24VfPxiCk\/WbajG9gEslI\/AAAAAAAAeSo\/zBfdw2T4D9ADEsBDNCS3bHzmOaRkmAxtACLcBGAs\/s1600\/IMG-20170911-WA0032.jpg\" imageanchor=\"1\" style=\"margin-left: 1em; margin-right: 1em;\"><img loading=\"lazy\" decoding=\"async\" border=\"0\" data-original-height=\"652\" data-original-width=\"1158\" height=\"225\" src=\"http:\/\/blogdoedvaldomagalhaes.com.br\/wp-content\/uploads\/2017\/09\/IMG-20170911-WA0032.jpg\" width=\"400\" \/><\/a><\/div>\n<div class=\"separator\" style=\"clear: both; text-align: center;\">\n<a href=\"https:\/\/1.bp.blogspot.com\/--7OhOLIlzlA\/WbajJaNTO6I\/AAAAAAAAeSs\/hDQvu_rI04spXpxNDZWJWLXsQGRujR_DgCLcBGAs\/s1600\/IMG-20170911-WA0035.jpg\" imageanchor=\"1\" style=\"margin-left: 1em; margin-right: 1em;\"><img loading=\"lazy\" decoding=\"async\" border=\"0\" data-original-height=\"581\" data-original-width=\"1032\" height=\"225\" src=\"http:\/\/blogdoedvaldomagalhaes.com.br\/wp-content\/uploads\/2017\/09\/IMG-20170911-WA0035.jpg\" width=\"400\" \/><\/a><\/div>\n<div class=\"separator\" style=\"clear: both; text-align: center;\">\n<a href=\"https:\/\/2.bp.blogspot.com\/--oQnIIFX6n4\/WbajLQS_s4I\/AAAAAAAAeSw\/59jOal2pkU4rhIEelRr-g10LAPE5fokzgCLcBGAs\/s1600\/IMG-20170911-WA0036.jpg\" imageanchor=\"1\" style=\"margin-left: 1em; margin-right: 1em;\"><img loading=\"lazy\" decoding=\"async\" border=\"0\" data-original-height=\"581\" data-original-width=\"1032\" height=\"225\" src=\"http:\/\/blogdoedvaldomagalhaes.com.br\/wp-content\/uploads\/2017\/09\/IMG-20170911-WA0036.jpg\" width=\"400\" \/><\/a><\/div>\n<div class=\"separator\" style=\"clear: both; text-align: center;\">\n<\/div>\n<div style=\"background-color: white; box-sizing: border-box; line-height: 24px; margin-bottom: 10px; text-align: justify;\">\nUm ve\u00edculo Siena pertencente a Prefeitura de Jupi, Agreste Meridional, capotou na manh\u00e3 desta segunda-feira (11), na BR-232, em Caruaru, pr\u00f3ximo da entrada de Taquara. Uma mulher morreu e outras tr\u00eas pessoas ficaram feridas.<\/div>\n<div style=\"background-color: white; box-sizing: border-box; line-height: 24px; margin-bottom: 10px; text-align: justify;\">\nDe acordo com informa\u00e7\u00f5es da Pol\u00edcia Rodovi\u00e1ria Federal (PRF), o motorista do Siena perdeu o controle ap\u00f3s ser fechado por outro ve\u00edculo. As v\u00edtimas seguiam para o Hospital Regional do Agreste (HRA).<\/div>\n<div style=\"background-color: white; box-sizing: border-box; line-height: 24px; margin-bottom: 10px; text-align: justify;\">\nMaria Aparecida da Silva, 65 anos, morreu no local do acidente. Ela n\u00e3o usava o cinto de seguran\u00e7a e foi arremessada para fora do ve\u00edculo. Os feridos foram levados para o HRA.<\/div>\n","protected":false},"excerpt":{"rendered":"<p>Um ve\u00edculo Siena pertencente a Prefeitura de Jupi, Agreste Meridional, capotou na manh\u00e3 desta segunda-feira (11), na BR-232, em Caruaru,&hellip;<\/p>\n","protected":false},"author":1,"featured_media":0,"comment_status":"open","ping_status":"open","sticky":false,"template":"","format":"standard","meta":{"footnotes":""},"categories":[1],"tags":[5980,2,2083,6,2107],"class_list":["post-4724","post","type-post","status-publish","format-standard","hentry","category-sem-categoria","tag-acidente-com-vitima-fatal-na-br-232-em-caruaru","tag-blog-do-edvaldo-magalhaes","tag-hra","tag-noticias","tag-ultimas-noticias-de-caruaru"],"_links":{"self":[{"href":"https:\/\/blogdoedvaldomagalhaes.com.br\/index.php\/wp-json\/wp\/v2\/posts\/4724","targetHints":{"allow":["GET"]}}],"collection":[{"href":"https:\/\/blogdoedvaldomagalhaes.com.br\/index.php\/wp-json\/wp\/v2\/posts"}],"about":[{"href":"https:\/\/blogdoedvaldomagalhaes.com.br\/index.php\/wp-json\/wp\/v2\/types\/post"}],"author":[{"embeddable":true,"href":"https:\/\/blogdoedvaldomagalhaes.com.br\/index.php\/wp-json\/wp\/v2\/users\/1"}],"replies":[{"embeddable":true,"href":"https:\/\/blogdoedvaldomagalhaes.com.br\/index.php\/wp-json\/wp\/v2\/comments?post=4724"}],"version-history":[{"count":1,"href":"https:\/\/blogdoedvaldomagalhaes.com.br\/index.php\/wp-json\/wp\/v2\/posts\/4724\/revisions"}],"predecessor-version":[{"id":24140,"href":"https:\/\/blogdoedvaldomagalhaes.com.br\/index.php\/wp-json\/wp\/v2\/posts\/4724\/revisions\/24140"}],"wp:attachment":[{"href":"https:\/\/blogdoedvaldomagalhaes.com.br\/index.php\/wp-json\/wp\/v2\/media?parent=4724"}],"wp:term":[{"taxonomy":"category","embeddable":true,"href":"https:\/\/blogdoedvaldomagalhaes.com.br\/index.php\/wp-json\/wp\/v2\/categories?post=4724"},{"taxonomy":"post_tag","embeddable":true,"href":"https:\/\/blogdoedvaldomagalhaes.com.br\/index.php\/wp-json\/wp\/v2\/tags?post=4724"}],"curies":[{"name":"wp","href":"https:\/\/api.w.org\/{rel}","templated":true}]}}