{"id":4716,"date":"2017-09-11T22:47:00","date_gmt":"2017-09-12T01:47:00","guid":{"rendered":"http:\/\/blogdoedvaldomagalhaes.com.br\/index.php\/2017\/09\/11\/psol-de-caruaru-realiza-plenaria-de\/"},"modified":"2019-02-09T01:44:07","modified_gmt":"2019-02-09T03:44:07","slug":"psol-de-caruaru-realiza-plenaria-de","status":"publish","type":"post","link":"https:\/\/blogdoedvaldomagalhaes.com.br\/index.php\/2017\/09\/11\/psol-de-caruaru-realiza-plenaria-de\/","title":{"rendered":"PSOL de Caruaru realiza plen\u00e1ria de olho no Congresso estadual do partido"},"content":{"rendered":"<div class=\"separator\" style=\"clear: both; text-align: center;\">\n<a href=\"https:\/\/3.bp.blogspot.com\/-Yz16iU2PHPE\/WbcSejz8kbI\/AAAAAAAAeXg\/ldTKio0tlzA7hGd2Qrq8xPcYmoWYYlLFwCLcBGAs\/s1600\/psol.jpg\" imageanchor=\"1\" style=\"margin-left: 1em; margin-right: 1em;\"><img loading=\"lazy\" decoding=\"async\" border=\"0\" data-original-height=\"169\" data-original-width=\"300\" height=\"224\" src=\"http:\/\/blogdoedvaldomagalhaes.com.br\/wp-content\/uploads\/2017\/09\/psol.jpg\" width=\"400\" \/><\/a><\/div>\n<div class=\"MsoNormal\" style=\"text-align: justify;\">\n<\/div>\n<div class=\"MsoNormal\" style=\"text-align: justify;\">\nO PSOL de Caruaru realizou<br \/>\nno domingo (10) a segunda plen\u00e1ria municipal preparat\u00f3ria para o 6\u00b0 Congresso<br \/>\nEstadual do PSOL. O evento foi organizado por Michelle Santos e Mois\u00e9s<br \/>\nBonif\u00e1cio e contou com a presen\u00e7a do presidente do partido em Caruaru, comiss\u00e1rio<br \/>\nZ\u00e9 Carlos, com o presidente do PSOL-Garanhuns, Jailton de Melo, com<br \/>\nrepresentantes das tend\u00eancias Alternativa Popular \u201cSomos PSOL e Trabalhadores<br \/>\nna Luta Socialista\u201d.<\/div>\n<div class=\"MsoNormal\" style=\"text-align: justify;\">\n<\/div>\n<p><\/p>\n<div class=\"MsoNormal\" style=\"text-align: justify;\">\nDe acordo com os<br \/>\norganizadores, a corrente elegeu mais um delegado municipal para o Congresso<br \/>\nque ocorrer\u00e1 entre os dias 28 e 29 de outubro. A pr\u00f3xima plen\u00e1ria ser\u00e1 no<br \/>\npr\u00f3ximo s\u00e1bado (16), \u00e0s 10h, no Espa\u00e7o Comunit\u00e1rio do Loteamento Che Guevara,<br \/>\nna Rua S\u00e3o Sebasti\u00e3o, no Alto do Moura.<\/div>\n","protected":false},"excerpt":{"rendered":"<p>O PSOL de Caruaru realizou no domingo (10) a segunda plen\u00e1ria municipal preparat\u00f3ria para o 6\u00b0 Congresso Estadual do PSOL.&hellip;<\/p>\n","protected":false},"author":1,"featured_media":0,"comment_status":"open","ping_status":"open","sticky":false,"template":"","format":"standard","meta":{"footnotes":""},"categories":[1],"tags":[2,3114,20,5970],"class_list":["post-4716","post","type-post","status-publish","format-standard","hentry","category-sem-categoria","tag-blog-do-edvaldo-magalhaes","tag-noticias-da-politica-de-caruaru","tag-politica","tag-psol-de-caruaru-realiza-plenaria-de-olho-no-congresso-estadual-do-partido"],"_links":{"self":[{"href":"https:\/\/blogdoedvaldomagalhaes.com.br\/index.php\/wp-json\/wp\/v2\/posts\/4716","targetHints":{"allow":["GET"]}}],"collection":[{"href":"https:\/\/blogdoedvaldomagalhaes.com.br\/index.php\/wp-json\/wp\/v2\/posts"}],"about":[{"href":"https:\/\/blogdoedvaldomagalhaes.com.br\/index.php\/wp-json\/wp\/v2\/types\/post"}],"author":[{"embeddable":true,"href":"https:\/\/blogdoedvaldomagalhaes.com.br\/index.php\/wp-json\/wp\/v2\/users\/1"}],"replies":[{"embeddable":true,"href":"https:\/\/blogdoedvaldomagalhaes.com.br\/index.php\/wp-json\/wp\/v2\/comments?post=4716"}],"version-history":[{"count":1,"href":"https:\/\/blogdoedvaldomagalhaes.com.br\/index.php\/wp-json\/wp\/v2\/posts\/4716\/revisions"}],"predecessor-version":[{"id":24159,"href":"https:\/\/blogdoedvaldomagalhaes.com.br\/index.php\/wp-json\/wp\/v2\/posts\/4716\/revisions\/24159"}],"wp:attachment":[{"href":"https:\/\/blogdoedvaldomagalhaes.com.br\/index.php\/wp-json\/wp\/v2\/media?parent=4716"}],"wp:term":[{"taxonomy":"category","embeddable":true,"href":"https:\/\/blogdoedvaldomagalhaes.com.br\/index.php\/wp-json\/wp\/v2\/categories?post=4716"},{"taxonomy":"post_tag","embeddable":true,"href":"https:\/\/blogdoedvaldomagalhaes.com.br\/index.php\/wp-json\/wp\/v2\/tags?post=4716"}],"curies":[{"name":"wp","href":"https:\/\/api.w.org\/{rel}","templated":true}]}}