{"id":47,"date":"2019-02-04T23:29:00","date_gmt":"2019-02-05T01:29:00","guid":{"rendered":"http:\/\/blogdoedvaldomagalhaes.com.br\/index.php\/2019\/02\/04\/chuvas-derrubam-ponte-bloqueia\/"},"modified":"2019-02-09T02:51:47","modified_gmt":"2019-02-09T04:51:47","slug":"chuvas-derrubam-ponte-bloqueia","status":"publish","type":"post","link":"https:\/\/blogdoedvaldomagalhaes.com.br\/index.php\/2019\/02\/04\/chuvas-derrubam-ponte-bloqueia\/","title":{"rendered":"Chuvas derrubam ponte, bloqueiam estradas e alagam im\u00f3veis em Amaraji; Veja v\u00eddeos"},"content":{"rendered":"<div style=\"text-align: justify;\">\n<div class=\"separator\" style=\"clear: both; text-align: center;\">\n<a href=\"https:\/\/3.bp.blogspot.com\/-FmM6o-DW8hA\/XFjJtrSZkoI\/AAAAAAABCAA\/NahMMfgCc9wlbYwdg5UMTdz4m4-RKawDgCEwYBhgL\/s1600\/IMG-20190204-WA0130.jpg\" imageanchor=\"1\" style=\"margin-left: 1em; margin-right: 1em;\"><img loading=\"lazy\" decoding=\"async\" border=\"0\" data-original-height=\"365\" data-original-width=\"475\" height=\"490\" src=\"http:\/\/blogdoedvaldomagalhaes.com.br\/wp-content\/uploads\/2019\/02\/IMG-20190204-WA0130.jpg\" width=\"640\" \/><\/a><\/div>\n<div class=\"separator\" style=\"clear: both; text-align: center;\">\nFoto: Divulga\u00e7\u00e3o\/Prefeitura de Amaraji<\/div>\n<p>\nFortes chuvas&nbsp;deixaram em&nbsp;estado de alerta&nbsp;o munic\u00edpio de&nbsp;Amaraji, na Zona da Mata Sul de Pernambuco. As chuvas provocaram a queda de uma ponte, alagamento de im\u00f3veis, inclusive de unidades de sa\u00fade, e o&nbsp;bloqueio parcial das rodovias&nbsp;estaduais&nbsp;PE-63&nbsp;e&nbsp;71, que d\u00e3o acesso \u00e0 cidade de cerca de 23 mil habitantes.&nbsp;<\/p>\n<p>A Ag\u00eancia Pernambucana de \u00c1guas e Clima (Apac) informou que at\u00e9 as 13h20 desta segunda-feira (4) choveu 115,49 mil\u00edmetros nas \u00faltimas 24 horas, equivalente a quase o dobro esperado para o m\u00eas de fevereiro, quando a m\u00e9dia hist\u00f3rica \u00e9 de 76 mil\u00edmetros.&nbsp;<\/p>\n<p>Cerca de 30 fam\u00edlias tiveram os&nbsp;im\u00f3veis atingidos,&nbsp;e aproximadamente cem pessoas foram afetadas. A ponte que desabou liga os bairros&nbsp;da Vila da Concei\u00e7\u00e3o e do Recanto dos P\u00e1ssaros.<\/p>\n<p>A prefeitura informou que o coordenador da Defesa Civil da cidade, Wellington Oliveira, monitora a situa\u00e7\u00e3o das&nbsp;chuvas, orientando os moradores a evitar trafegar nas \u00e1reas alagadas. A prefeitura avisou tamb\u00e9m que realiza a manuten\u00e7\u00e3o das rodovias.<\/p>\n<p>&nbsp;<\/p>\n<p>Do Portal FolhaPE.<\/p>\n<p>Veja os v\u00eddeos abaixo:<\/p>\n<div class=\"separator\" style=\"clear: both; text-align: center;\">\n<\/div>\n<div class=\"separator\" style=\"clear: both; text-align: center;\">\n<\/div>\n<div class=\"separator\" style=\"clear: both; text-align: center;\">\n<\/div>\n<\/div>\n","protected":false},"excerpt":{"rendered":"<p>Foto: Divulga\u00e7\u00e3o\/Prefeitura de Amaraji Fortes chuvas&nbsp;deixaram em&nbsp;estado de alerta&nbsp;o munic\u00edpio de&nbsp;Amaraji, na Zona da Mata Sul de Pernambuco. As chuvas&hellip;<\/p>\n","protected":false},"author":1,"featured_media":0,"comment_status":"open","ping_status":"open","sticky":false,"template":"","format":"standard","meta":{"footnotes":""},"categories":[1],"tags":[2,54,55,6],"class_list":["post-47","post","type-post","status-publish","format-standard","hentry","category-sem-categoria","tag-blog-do-edvaldo-magalhaes","tag-bloqueiam-estradas-e-alagam-imoveis-em-amaraji-veja-videos","tag-chuvas-derrubam-ponte","tag-noticias"],"_links":{"self":[{"href":"https:\/\/blogdoedvaldomagalhaes.com.br\/index.php\/wp-json\/wp\/v2\/posts\/47","targetHints":{"allow":["GET"]}}],"collection":[{"href":"https:\/\/blogdoedvaldomagalhaes.com.br\/index.php\/wp-json\/wp\/v2\/posts"}],"about":[{"href":"https:\/\/blogdoedvaldomagalhaes.com.br\/index.php\/wp-json\/wp\/v2\/types\/post"}],"author":[{"embeddable":true,"href":"https:\/\/blogdoedvaldomagalhaes.com.br\/index.php\/wp-json\/wp\/v2\/users\/1"}],"replies":[{"embeddable":true,"href":"https:\/\/blogdoedvaldomagalhaes.com.br\/index.php\/wp-json\/wp\/v2\/comments?post=47"}],"version-history":[{"count":1,"href":"https:\/\/blogdoedvaldomagalhaes.com.br\/index.php\/wp-json\/wp\/v2\/posts\/47\/revisions"}],"predecessor-version":[{"id":37953,"href":"https:\/\/blogdoedvaldomagalhaes.com.br\/index.php\/wp-json\/wp\/v2\/posts\/47\/revisions\/37953"}],"wp:attachment":[{"href":"https:\/\/blogdoedvaldomagalhaes.com.br\/index.php\/wp-json\/wp\/v2\/media?parent=47"}],"wp:term":[{"taxonomy":"category","embeddable":true,"href":"https:\/\/blogdoedvaldomagalhaes.com.br\/index.php\/wp-json\/wp\/v2\/categories?post=47"},{"taxonomy":"post_tag","embeddable":true,"href":"https:\/\/blogdoedvaldomagalhaes.com.br\/index.php\/wp-json\/wp\/v2\/tags?post=47"}],"curies":[{"name":"wp","href":"https:\/\/api.w.org\/{rel}","templated":true}]}}