{"id":4699,"date":"2017-09-13T10:33:00","date_gmt":"2017-09-13T13:33:00","guid":{"rendered":"http:\/\/blogdoedvaldomagalhaes.com.br\/index.php\/2017\/09\/13\/aumentam-assaltos-em-escolas-de-caruaru\/"},"modified":"2019-02-09T01:44:13","modified_gmt":"2019-02-09T03:44:13","slug":"aumentam-assaltos-em-escolas-de-caruaru","status":"publish","type":"post","link":"https:\/\/blogdoedvaldomagalhaes.com.br\/index.php\/2017\/09\/13\/aumentam-assaltos-em-escolas-de-caruaru\/","title":{"rendered":"Aumentam assaltos em escolas de Caruaru e 4\u00ba BPM defende a\u00e7\u00e3o conjunta da sociedade no combate \u00e0 criminalidade"},"content":{"rendered":"<div class=\"separator\" style=\"clear: both; text-align: center;\">\n<a href=\"https:\/\/1.bp.blogspot.com\/-nbd997YoZdw\/WbkJFPLGfgI\/AAAAAAAAedw\/qOIyzAesfVAaRHW75xFti7J44cwYAUfEQCLcBGAs\/s1600\/pm.jpg\" imageanchor=\"1\" style=\"margin-left: 1em; margin-right: 1em;\"><img loading=\"lazy\" decoding=\"async\" border=\"0\" data-original-height=\"507\" data-original-width=\"900\" height=\"225\" src=\"http:\/\/blogdoedvaldomagalhaes.com.br\/wp-content\/uploads\/2017\/09\/pm-4.jpg\" width=\"400\" \/><\/a><\/div>\n<div style=\"background: white; line-height: 18.0pt; margin-bottom: 7.5pt; margin-left: 0cm; margin-right: 0cm; margin-top: 0cm; text-align: justify;\">\n<\/div>\n<div style=\"background: white; line-height: 18.0pt; margin-bottom: 7.5pt; margin-left: 0cm; margin-right: 0cm; margin-top: 0cm; text-align: justify;\">\nOs assaltos em escolas de<br \/>\nCaruaru t\u00eam aumentado nos \u00faltimos dias. Os marginais est\u00e3o cada vez mais<br \/>\nousados e at\u00e9 entram em salas de aulas.<\/div>\n<div style=\"background: white; box-sizing: border-box; line-height: 18pt; margin: 0cm 0cm 7.5pt; text-align: justify;\">\nPara chamar a aten\u00e7\u00e3o das autoridades, alunos de tr\u00eas escolas<br \/>\nrealizaram protestos pedindo seguran\u00e7a. As manifesta\u00e7\u00f5es foram realizadas no<br \/>\nNicanor Souto Maior, no bairro Indian\u00f3polis; Ad\u00e9lia Leal, no Petr\u00f3polis; e<br \/>\nElisete Lopes, no Caiuc\u00e1.<\/div>\n<div style=\"background: white; box-sizing: border-box; line-height: 18pt; margin: 0cm 0cm 7.5pt; text-align: justify;\">\nA reportagem da R\u00e1dio Liberdade procurou o 4\u00ba Batalh\u00e3o da Pol\u00edcia<br \/>\nMilitar para esclarecer que a\u00e7\u00e3o ser\u00e1 realizada para evitar os assaltos nos<br \/>\ncol\u00e9gios da cidade.<\/div>\n<p><\/p>\n<div style=\"background: white; box-sizing: border-box; line-height: 18pt; margin: 0cm 0cm 7.5pt; text-align: justify;\">\nEm entrevista a Edvaldo Magalh\u00e3es, o capit\u00e3o Farias J\u00fanior disse que<br \/>\no trabalho de combate \u00e0 criminalidade j\u00e1 vem ocorrendo. Ele tamb\u00e9m defende a\u00e7\u00e3o<br \/>\nconjunta de toda sociedade e orienta os alunos a n\u00e3o levarem celulares para as<br \/>\nescolas.<\/div>\n","protected":false},"excerpt":{"rendered":"<p>Os assaltos em escolas de Caruaru t\u00eam aumentado nos \u00faltimos dias. Os marginais est\u00e3o cada vez mais ousados e at\u00e9&hellip;<\/p>\n","protected":false},"author":1,"featured_media":0,"comment_status":"open","ping_status":"open","sticky":false,"template":"","format":"standard","meta":{"footnotes":""},"categories":[1],"tags":[5940,1527,2,5941,13],"class_list":["post-4699","post","type-post","status-publish","format-standard","hentry","category-sem-categoria","tag-aumentam-assaltos-em-escolas-de-caruaru-e-4o-bpm-defende-acao-conjunta-da-sociedade-no-combate-a-criminalidade","tag-bairro-indianopolis","tag-blog-do-edvaldo-magalhaes","tag-nicanor-souto-maior","tag-policial"],"_links":{"self":[{"href":"https:\/\/blogdoedvaldomagalhaes.com.br\/index.php\/wp-json\/wp\/v2\/posts\/4699","targetHints":{"allow":["GET"]}}],"collection":[{"href":"https:\/\/blogdoedvaldomagalhaes.com.br\/index.php\/wp-json\/wp\/v2\/posts"}],"about":[{"href":"https:\/\/blogdoedvaldomagalhaes.com.br\/index.php\/wp-json\/wp\/v2\/types\/post"}],"author":[{"embeddable":true,"href":"https:\/\/blogdoedvaldomagalhaes.com.br\/index.php\/wp-json\/wp\/v2\/users\/1"}],"replies":[{"embeddable":true,"href":"https:\/\/blogdoedvaldomagalhaes.com.br\/index.php\/wp-json\/wp\/v2\/comments?post=4699"}],"version-history":[{"count":1,"href":"https:\/\/blogdoedvaldomagalhaes.com.br\/index.php\/wp-json\/wp\/v2\/posts\/4699\/revisions"}],"predecessor-version":[{"id":24196,"href":"https:\/\/blogdoedvaldomagalhaes.com.br\/index.php\/wp-json\/wp\/v2\/posts\/4699\/revisions\/24196"}],"wp:attachment":[{"href":"https:\/\/blogdoedvaldomagalhaes.com.br\/index.php\/wp-json\/wp\/v2\/media?parent=4699"}],"wp:term":[{"taxonomy":"category","embeddable":true,"href":"https:\/\/blogdoedvaldomagalhaes.com.br\/index.php\/wp-json\/wp\/v2\/categories?post=4699"},{"taxonomy":"post_tag","embeddable":true,"href":"https:\/\/blogdoedvaldomagalhaes.com.br\/index.php\/wp-json\/wp\/v2\/tags?post=4699"}],"curies":[{"name":"wp","href":"https:\/\/api.w.org\/{rel}","templated":true}]}}