{"id":46868,"date":"2019-09-26T16:46:05","date_gmt":"2019-09-26T19:46:05","guid":{"rendered":"http:\/\/blogdoedvaldomagalhaes.com.br\/?p=46868"},"modified":"2019-09-26T17:12:51","modified_gmt":"2019-09-26T20:12:51","slug":"transexual-se-casa-na-penitenciaria-de-tacaimbo","status":"publish","type":"post","link":"https:\/\/blogdoedvaldomagalhaes.com.br\/index.php\/2019\/09\/26\/transexual-se-casa-na-penitenciaria-de-tacaimbo\/","title":{"rendered":"Transexual se casa na Penitenci\u00e1ria de Tacaimb\u00f3"},"content":{"rendered":"<p style=\"text-align: justify;\">A Penitenci\u00e1ria de Tacaimb\u00f3 (PTAC), no Agreste de Pernambuco, registrou o primeiro casamento de uma reeducanda transexual. A recep\u00e7\u00e3o aos familiares dos noivos foi realizada nesta quarta (25.09) na unidade prisional. O casamento civil ocorreu, no \u00faltimo dia 20, no F\u00f3rum da Comarca de Caruaru. Os reeducandos Xana, 39, e Robson Gen\u00e9sio de Lima Silva, 30, receberam os convidados com traje tradicional, bolo e troca de alian\u00e7as. Eles se conheceram na PTAC h\u00e1 dois anos quando Xana trabalhava no setor de Sa\u00fade. \u201cMe sinto amparada neste pres\u00eddio em poder realizar esse sonho, muitas [trans] est\u00e3o engavetadas (sic) e precisam de uma for\u00e7a como essa\u201d, afirmou Xana. A PTAC \u00e9 ligada \u00e0 Secretaria Executiva de Ressocializa\u00e7\u00e3o (Seres).<br \/>\u201cA a\u00e7\u00e3o \u00e9 uma forma de respeitar as escolhas dos reeducandos e contribuir para o processo de ressocializa\u00e7\u00e3o que passa tamb\u00e9m pelo \u00e2mbito emocional e social\u201d, explica o gerente da PTAC, Felippe Diniz. O Pres\u00eddio de Salgueiro, no Sert\u00e3o do estado, realizou a primeira uni\u00e3o de uma transexual no dia 29 de julho deste ano.<\/p>\n\n\n<figure class=\"wp-block-image\"><img loading=\"lazy\" decoding=\"async\" width=\"1024\" height=\"682\" src=\"http:\/\/blogdoedvaldomagalhaes.com.br\/wp-content\/uploads\/2019\/09\/IMG-20190926-WA0210-1024x682.jpg\" alt=\"\" class=\"wp-image-46874\" srcset=\"https:\/\/blogdoedvaldomagalhaes.com.br\/wp-content\/uploads\/2019\/09\/IMG-20190926-WA0210-1024x682.jpg 1024w, https:\/\/blogdoedvaldomagalhaes.com.br\/wp-content\/uploads\/2019\/09\/IMG-20190926-WA0210-300x200.jpg 300w, https:\/\/blogdoedvaldomagalhaes.com.br\/wp-content\/uploads\/2019\/09\/IMG-20190926-WA0210-768x512.jpg 768w, https:\/\/blogdoedvaldomagalhaes.com.br\/wp-content\/uploads\/2019\/09\/IMG-20190926-WA0210.jpg 1280w\" sizes=\"auto, (max-width: 1024px) 100vw, 1024px\" \/><figcaption>Fotos: Seres\/Divulga\u00e7\u00e3o<\/figcaption><\/figure>\n","protected":false},"excerpt":{"rendered":"<p>A Penitenci\u00e1ria de Tacaimb\u00f3 (PTAC), no Agreste de Pernambuco, registrou o primeiro casamento de uma reeducanda transexual. A recep\u00e7\u00e3o aos&hellip;<\/p>\n","protected":false},"author":1,"featured_media":46869,"comment_status":"closed","ping_status":"open","sticky":false,"template":"","format":"standard","meta":{"footnotes":""},"categories":[14120],"tags":[2,16266],"class_list":["post-46868","post","type-post","status-publish","format-standard","has-post-thumbnail","hentry","category-noticias","tag-blog-do-edvaldo-magalhaes","tag-transexual-se-casa-na-penitenciaria-de-tacaimbo"],"_links":{"self":[{"href":"https:\/\/blogdoedvaldomagalhaes.com.br\/index.php\/wp-json\/wp\/v2\/posts\/46868","targetHints":{"allow":["GET"]}}],"collection":[{"href":"https:\/\/blogdoedvaldomagalhaes.com.br\/index.php\/wp-json\/wp\/v2\/posts"}],"about":[{"href":"https:\/\/blogdoedvaldomagalhaes.com.br\/index.php\/wp-json\/wp\/v2\/types\/post"}],"author":[{"embeddable":true,"href":"https:\/\/blogdoedvaldomagalhaes.com.br\/index.php\/wp-json\/wp\/v2\/users\/1"}],"replies":[{"embeddable":true,"href":"https:\/\/blogdoedvaldomagalhaes.com.br\/index.php\/wp-json\/wp\/v2\/comments?post=46868"}],"version-history":[{"count":2,"href":"https:\/\/blogdoedvaldomagalhaes.com.br\/index.php\/wp-json\/wp\/v2\/posts\/46868\/revisions"}],"predecessor-version":[{"id":46875,"href":"https:\/\/blogdoedvaldomagalhaes.com.br\/index.php\/wp-json\/wp\/v2\/posts\/46868\/revisions\/46875"}],"wp:featuredmedia":[{"embeddable":true,"href":"https:\/\/blogdoedvaldomagalhaes.com.br\/index.php\/wp-json\/wp\/v2\/media\/46869"}],"wp:attachment":[{"href":"https:\/\/blogdoedvaldomagalhaes.com.br\/index.php\/wp-json\/wp\/v2\/media?parent=46868"}],"wp:term":[{"taxonomy":"category","embeddable":true,"href":"https:\/\/blogdoedvaldomagalhaes.com.br\/index.php\/wp-json\/wp\/v2\/categories?post=46868"},{"taxonomy":"post_tag","embeddable":true,"href":"https:\/\/blogdoedvaldomagalhaes.com.br\/index.php\/wp-json\/wp\/v2\/tags?post=46868"}],"curies":[{"name":"wp","href":"https:\/\/api.w.org\/{rel}","templated":true}]}}