{"id":4684,"date":"2017-09-14T13:45:00","date_gmt":"2017-09-14T16:45:00","guid":{"rendered":"http:\/\/blogdoedvaldomagalhaes.com.br\/index.php\/2017\/09\/14\/definido-o-substituto-de-welson-costa\/"},"modified":"2019-02-09T01:44:22","modified_gmt":"2019-02-09T03:44:22","slug":"definido-o-substituto-de-welson-costa","status":"publish","type":"post","link":"https:\/\/blogdoedvaldomagalhaes.com.br\/index.php\/2017\/09\/14\/definido-o-substituto-de-welson-costa\/","title":{"rendered":"Definido o substituto de Welson Costa na Secretaria de Educa\u00e7\u00e3o de Caruaru"},"content":{"rendered":"<pre class=\"aLF-aPX-K0-aPE\" style=\"background-color: white; user-select: text; white-space: pre-wrap; word-wrap: break-word;\"><div class=\"separator\" style=\"clear: both; text-align: center;\">\n<\/div>\n<div style=\"text-align: center;\">\n<\/div>\n&nbsp;<\/pre>\n<div class=\"separator\" style=\"clear: both; text-align: center;\">\n<a href=\"https:\/\/1.bp.blogspot.com\/-aYXhORGUvtg\/WbqOWRFiKPI\/AAAAAAAAekk\/gnM69_fLVZAQ7kiTW8Q2i60HhBm_dQzggCLcBGAs\/s1600\/FB_IMG_1505397559929.jpg\" imageanchor=\"1\" style=\"margin-left: 1em; margin-right: 1em;\"><img loading=\"lazy\" decoding=\"async\" border=\"0\" data-original-height=\"960\" data-original-width=\"1343\" height=\"285\" src=\"http:\/\/blogdoedvaldomagalhaes.com.br\/wp-content\/uploads\/2017\/09\/FB_IMG_1505397559929.jpg\" width=\"400\" \/><\/a><\/div>\n<div class=\"separator\" style=\"clear: both; text-align: center;\">\n<\/div>\n<div class=\"separator\" style=\"clear: both; text-align: justify;\">\nComo o Blog do Edvaldo Magalh\u00e3es divulgou com exclusividade, Welson Costa n\u00e3o \u00e9 mais Secret\u00e1rio Executivo de Educa\u00e7\u00e3o de Caruaru, sendo substitu\u00eddo por Marjony Barros Camelo, que j\u00e1 foi reitor da Unifavi\/Drevy, como est\u00e1 na nota abaixo, que foi enviado pela Secretaria de Educa\u00e7\u00e3o<\/div>\n<pre class=\"aLF-aPX-K0-aPE\" style=\"background-color: white; word-wrap: break-word;\"><div style=\"text-align: justify;\">\n\n<\/div>\n<div style=\"text-align: justify;\">\n<b>Nota<\/b><br \/>\nA Secretaria de Educa\u00e7\u00e3o agradece ao professor Welson Costa pela dedica\u00e7\u00e3o e o empenho destinados \u00e0 Educa\u00e7\u00e3o Municipal durante o tempo em que ocupou a fun\u00e7\u00e3o de Secret\u00e1rio Executivo da pasta.<\/div>\n<\/pre>\n<pre class=\"aLF-aPX-K0-aPE\" style=\"background-color: white; user-select: text; word-wrap: break-word;\"><div style=\"text-align: justify;\">\nO cargo ser\u00e1 ocupado por Marjony Barros Camelo, ex-reitor da Unifavip Devry que tem uma vasta experi\u00eancia o campo da Administra\u00e7\u00e3o. A expectativa \u00e9 que ele possa contribuir para a constru\u00e7\u00e3o de pol\u00edticas de educa\u00e7\u00e3o para o munic\u00edpio, visando sempre melhorar a qualidade de vida dos caruaruenses.<\/div>\n<\/pre>\n","protected":false},"excerpt":{"rendered":"<p>&nbsp; Como o Blog do Edvaldo Magalh\u00e3es divulgou com exclusividade, Welson Costa n\u00e3o \u00e9 mais Secret\u00e1rio Executivo de Educa\u00e7\u00e3o de&hellip;<\/p>\n","protected":false},"author":1,"featured_media":0,"comment_status":"open","ping_status":"open","sticky":false,"template":"","format":"standard","meta":{"footnotes":""},"categories":[1],"tags":[2,5912,20,5913,5914,5915],"class_list":["post-4684","post","type-post","status-publish","format-standard","hentry","category-sem-categoria","tag-blog-do-edvaldo-magalhaes","tag-marjones-camelo","tag-politica","tag-secretaria-de-educacao-de-caruaru","tag-unifavip-devry","tag-welson-costa"],"_links":{"self":[{"href":"https:\/\/blogdoedvaldomagalhaes.com.br\/index.php\/wp-json\/wp\/v2\/posts\/4684","targetHints":{"allow":["GET"]}}],"collection":[{"href":"https:\/\/blogdoedvaldomagalhaes.com.br\/index.php\/wp-json\/wp\/v2\/posts"}],"about":[{"href":"https:\/\/blogdoedvaldomagalhaes.com.br\/index.php\/wp-json\/wp\/v2\/types\/post"}],"author":[{"embeddable":true,"href":"https:\/\/blogdoedvaldomagalhaes.com.br\/index.php\/wp-json\/wp\/v2\/users\/1"}],"replies":[{"embeddable":true,"href":"https:\/\/blogdoedvaldomagalhaes.com.br\/index.php\/wp-json\/wp\/v2\/comments?post=4684"}],"version-history":[{"count":1,"href":"https:\/\/blogdoedvaldomagalhaes.com.br\/index.php\/wp-json\/wp\/v2\/posts\/4684\/revisions"}],"predecessor-version":[{"id":24228,"href":"https:\/\/blogdoedvaldomagalhaes.com.br\/index.php\/wp-json\/wp\/v2\/posts\/4684\/revisions\/24228"}],"wp:attachment":[{"href":"https:\/\/blogdoedvaldomagalhaes.com.br\/index.php\/wp-json\/wp\/v2\/media?parent=4684"}],"wp:term":[{"taxonomy":"category","embeddable":true,"href":"https:\/\/blogdoedvaldomagalhaes.com.br\/index.php\/wp-json\/wp\/v2\/categories?post=4684"},{"taxonomy":"post_tag","embeddable":true,"href":"https:\/\/blogdoedvaldomagalhaes.com.br\/index.php\/wp-json\/wp\/v2\/tags?post=4684"}],"curies":[{"name":"wp","href":"https:\/\/api.w.org\/{rel}","templated":true}]}}