{"id":4672,"date":"2017-09-15T13:49:00","date_gmt":"2017-09-15T16:49:00","guid":{"rendered":"http:\/\/blogdoedvaldomagalhaes.com.br\/index.php\/2017\/09\/15\/justica-revoga-liminar-que-anulou\/"},"modified":"2019-02-09T01:44:33","modified_gmt":"2019-02-09T03:44:33","slug":"justica-revoga-liminar-que-anulou","status":"publish","type":"post","link":"https:\/\/blogdoedvaldomagalhaes.com.br\/index.php\/2017\/09\/15\/justica-revoga-liminar-que-anulou\/","title":{"rendered":"Justi\u00e7a revoga liminar que anulou licita\u00e7\u00e3o do transporte p\u00fablico"},"content":{"rendered":"<div class=\"separator\" style=\"clear: both; text-align: center;\">\n<a href=\"https:\/\/4.bp.blogspot.com\/-jomP8T2MNFI\/WbvXrAZj_mI\/AAAAAAAAero\/g4p_dG1uOmACUrxPHRcAko6BWb9a-We2wCLcBGAs\/s1600\/%25C3%2594NIBUS-AETPC.jpg\" imageanchor=\"1\" style=\"margin-left: 1em; margin-right: 1em;\"><img loading=\"lazy\" decoding=\"async\" border=\"0\" data-original-height=\"562\" data-original-width=\"814\" height=\"275\" src=\"http:\/\/blogdoedvaldomagalhaes.com.br\/wp-content\/uploads\/2017\/09\/C394NIBUS-AETPC.jpg\" width=\"400\" \/><\/a><\/div>\n<p><\/p>\n<div style=\"text-align: justify;\">\nNo final da tarde de ontem (14), o juiz Jos\u00e9 Adelmo Barbosa revogou a liminar que suspendia o processo licitat\u00f3rio do transporte p\u00fablico em Caruaru. Portanto Coletivo, Capital do Agreste e Tabosa, vencedoras da licita\u00e7\u00e3o, ter\u00e3o direito a oferecer os servi\u00e7os para os usu\u00e1rios do transporte coletivo.&nbsp;<\/div>\n<div style=\"text-align: justify;\">\n<\/div>\n<div style=\"text-align: justify;\">\nFonte: R\u00e1dios Liberdade<\/p>\n<p><\/p>\n<div class=\"MsoNormal\">\n<b>Nota da AETPC:<\/b>&nbsp;sobre a decis\u00e3o da 2\u00aa Vara<br \/>\nda Fazenda de Caruaru que trata da revoga\u00e7\u00e3o da liminar de suspens\u00e3o da<br \/>\nlicita\u00e7\u00e3o do transporte p\u00fablico de Caruaru, dando as empresas Capital do<br \/>\nAgreste, Coletivo e Tabosa o direito de oferecer os servi\u00e7os no munic\u00edpio, a<br \/>\nAssocia\u00e7\u00e3o das Empresas de Transportes de Passageiros de Caruaru &#8211; AETPC<br \/>\ninforma que s\u00f3 ir\u00e1 se pronunciar sobre o assunto quando for notificada<br \/>\noficialmente.<\/div>\n<\/div>\n","protected":false},"excerpt":{"rendered":"<p>No final da tarde de ontem (14), o juiz Jos\u00e9 Adelmo Barbosa revogou a liminar que suspendia o processo licitat\u00f3rio&hellip;<\/p>\n","protected":false},"author":1,"featured_media":0,"comment_status":"open","ping_status":"open","sticky":false,"template":"","format":"standard","meta":{"footnotes":""},"categories":[1],"tags":[2,4851,5894,5895,5896,6,5897],"class_list":["post-4672","post","type-post","status-publish","format-standard","hentry","category-sem-categoria","tag-blog-do-edvaldo-magalhaes","tag-capital-do-agreste","tag-coletivo","tag-juiz-jose-adelmo-barbosa","tag-justica-revoga-liminar-que-anulou-licitacao-do-transporte-publico","tag-noticias","tag-tabosa"],"_links":{"self":[{"href":"https:\/\/blogdoedvaldomagalhaes.com.br\/index.php\/wp-json\/wp\/v2\/posts\/4672","targetHints":{"allow":["GET"]}}],"collection":[{"href":"https:\/\/blogdoedvaldomagalhaes.com.br\/index.php\/wp-json\/wp\/v2\/posts"}],"about":[{"href":"https:\/\/blogdoedvaldomagalhaes.com.br\/index.php\/wp-json\/wp\/v2\/types\/post"}],"author":[{"embeddable":true,"href":"https:\/\/blogdoedvaldomagalhaes.com.br\/index.php\/wp-json\/wp\/v2\/users\/1"}],"replies":[{"embeddable":true,"href":"https:\/\/blogdoedvaldomagalhaes.com.br\/index.php\/wp-json\/wp\/v2\/comments?post=4672"}],"version-history":[{"count":1,"href":"https:\/\/blogdoedvaldomagalhaes.com.br\/index.php\/wp-json\/wp\/v2\/posts\/4672\/revisions"}],"predecessor-version":[{"id":24259,"href":"https:\/\/blogdoedvaldomagalhaes.com.br\/index.php\/wp-json\/wp\/v2\/posts\/4672\/revisions\/24259"}],"wp:attachment":[{"href":"https:\/\/blogdoedvaldomagalhaes.com.br\/index.php\/wp-json\/wp\/v2\/media?parent=4672"}],"wp:term":[{"taxonomy":"category","embeddable":true,"href":"https:\/\/blogdoedvaldomagalhaes.com.br\/index.php\/wp-json\/wp\/v2\/categories?post=4672"},{"taxonomy":"post_tag","embeddable":true,"href":"https:\/\/blogdoedvaldomagalhaes.com.br\/index.php\/wp-json\/wp\/v2\/tags?post=4672"}],"curies":[{"name":"wp","href":"https:\/\/api.w.org\/{rel}","templated":true}]}}