{"id":4670,"date":"2017-09-15T20:29:00","date_gmt":"2017-09-15T23:29:00","guid":{"rendered":"http:\/\/blogdoedvaldomagalhaes.com.br\/index.php\/2017\/09\/15\/ministro-edson-fachin-recebe-alunos-da\/"},"modified":"2019-02-09T01:44:33","modified_gmt":"2019-02-09T03:44:33","slug":"ministro-edson-fachin-recebe-alunos-da","status":"publish","type":"post","link":"https:\/\/blogdoedvaldomagalhaes.com.br\/index.php\/2017\/09\/15\/ministro-edson-fachin-recebe-alunos-da\/","title":{"rendered":"Ministro Edson Fachin recebe alunos da Asces-Unita no TSE"},"content":{"rendered":"<div class=\"separator\" style=\"clear: both; text-align: center;\">\n<a href=\"https:\/\/4.bp.blogspot.com\/-stgeU-ZRvoA\/Wbw32KEdUYI\/AAAAAAAAevA\/yyuLSWktbMc_QvJ8zMdizzZPii9V28P4gCLcBGAs\/s1600\/asces.JPG\" imageanchor=\"1\" style=\"margin-left: 1em; margin-right: 1em;\"><img loading=\"lazy\" decoding=\"async\" border=\"0\" data-original-height=\"1068\" data-original-width=\"1600\" height=\"266\" src=\"http:\/\/blogdoedvaldomagalhaes.com.br\/wp-content\/uploads\/2017\/09\/asces-2.jpg\" width=\"400\" \/><\/a><\/div>\n<div class=\"separator\" style=\"clear: both; text-align: center;\">\n<\/div>\n<div class=\"MsoNormal\" style=\"text-align: justify;\">\nO ministro Edson Fachin, do<br \/>\nSupremo Tribunal Federal (STF) e do Tribunal Superior Eleitoral (TSE), recebeu<br \/>\no grupo de grupo de estudantes de Direito da Asces-Unita que est\u00e1 em Bras\u00edlia<br \/>\npara um registro durante visita ao TSE. Na programa\u00e7\u00e3o desta quinta-feira, os<br \/>\nfuturos advogados ainda conheceram o Conselho Federal da OAB e as instala\u00e7\u00f5es<br \/>\ndo Superior Tribunal de Justi\u00e7a (STJ). Nesta sexta-feira (15), ser\u00e1 a vez de<br \/>\nconhecer o Congresso Nacional, na sess\u00e3o solene que ir\u00e1 homenagear o fundador<br \/>\nda institui\u00e7\u00e3o, Tabosa de Almeida, pelo centen\u00e1rio do seu nascimento.<\/div>\n<p><\/p>\n","protected":false},"excerpt":{"rendered":"<p>O ministro Edson Fachin, do Supremo Tribunal Federal (STF) e do Tribunal Superior Eleitoral (TSE), recebeu o grupo de grupo&hellip;<\/p>\n","protected":false},"author":1,"featured_media":0,"comment_status":"open","ping_status":"open","sticky":false,"template":"","format":"standard","meta":{"footnotes":""},"categories":[1],"tags":[2,4722,5885,6,5886,2862],"class_list":["post-4670","post","type-post","status-publish","format-standard","hentry","category-sem-categoria","tag-blog-do-edvaldo-magalhaes","tag-brasilia","tag-ministro-edson-fachin-recebe-alunos-da-asces-unita-no-tse","tag-noticias","tag-superior-tribunal-de-justica","tag-ultimas-noticias"],"_links":{"self":[{"href":"https:\/\/blogdoedvaldomagalhaes.com.br\/index.php\/wp-json\/wp\/v2\/posts\/4670","targetHints":{"allow":["GET"]}}],"collection":[{"href":"https:\/\/blogdoedvaldomagalhaes.com.br\/index.php\/wp-json\/wp\/v2\/posts"}],"about":[{"href":"https:\/\/blogdoedvaldomagalhaes.com.br\/index.php\/wp-json\/wp\/v2\/types\/post"}],"author":[{"embeddable":true,"href":"https:\/\/blogdoedvaldomagalhaes.com.br\/index.php\/wp-json\/wp\/v2\/users\/1"}],"replies":[{"embeddable":true,"href":"https:\/\/blogdoedvaldomagalhaes.com.br\/index.php\/wp-json\/wp\/v2\/comments?post=4670"}],"version-history":[{"count":1,"href":"https:\/\/blogdoedvaldomagalhaes.com.br\/index.php\/wp-json\/wp\/v2\/posts\/4670\/revisions"}],"predecessor-version":[{"id":24263,"href":"https:\/\/blogdoedvaldomagalhaes.com.br\/index.php\/wp-json\/wp\/v2\/posts\/4670\/revisions\/24263"}],"wp:attachment":[{"href":"https:\/\/blogdoedvaldomagalhaes.com.br\/index.php\/wp-json\/wp\/v2\/media?parent=4670"}],"wp:term":[{"taxonomy":"category","embeddable":true,"href":"https:\/\/blogdoedvaldomagalhaes.com.br\/index.php\/wp-json\/wp\/v2\/categories?post=4670"},{"taxonomy":"post_tag","embeddable":true,"href":"https:\/\/blogdoedvaldomagalhaes.com.br\/index.php\/wp-json\/wp\/v2\/tags?post=4670"}],"curies":[{"name":"wp","href":"https:\/\/api.w.org\/{rel}","templated":true}]}}