{"id":4669,"date":"2017-09-15T20:39:00","date_gmt":"2017-09-15T23:39:00","guid":{"rendered":"http:\/\/blogdoedvaldomagalhaes.com.br\/index.php\/2017\/09\/15\/i-encontro-regional-do-agreste-sobre\/"},"modified":"2019-02-09T01:44:34","modified_gmt":"2019-02-09T03:44:34","slug":"i-encontro-regional-do-agreste-sobre","status":"publish","type":"post","link":"https:\/\/blogdoedvaldomagalhaes.com.br\/index.php\/2017\/09\/15\/i-encontro-regional-do-agreste-sobre\/","title":{"rendered":"I Encontro Regional do Agreste sobre Seguran\u00e7a P\u00fablica"},"content":{"rendered":"<div class=\"separator\" style=\"clear: both; text-align: center;\">\n<a href=\"https:\/\/4.bp.blogspot.com\/-9YHJPUJ8D40\/Wbw6Y89PLII\/AAAAAAAAevM\/VjttepGrTWoQGXFvQUXRZ0EygOJK3hNpACLcBGAs\/s1600\/seguran%25C3%25A7a.png\" imageanchor=\"1\" style=\"margin-left: 1em; margin-right: 1em;\"><img loading=\"lazy\" decoding=\"async\" border=\"0\" data-original-height=\"283\" data-original-width=\"743\" height=\"151\" src=\"http:\/\/blogdoedvaldomagalhaes.com.br\/wp-content\/uploads\/2017\/09\/seguranC3A7a.png\" width=\"400\" \/><\/a><\/div>\n<div class=\"MsoNormal\" style=\"text-align: justify;\">\n<\/div>\n<div class=\"MsoNormal\" style=\"text-align: justify;\">\nA UNIFAVIP|Devry promove, na<br \/>\npr\u00f3xima segunda-feira (18), o I Encontro Regional do Agreste sobre Seguran\u00e7a<br \/>\nP\u00fablica, realizado pelo Centro Universit\u00e1rio do Vale do Ipojuca<br \/>\n(Devry\/Unifavip). O evento, que tem como tema \u201cProblemas e Dilemas da Seguran\u00e7a<br \/>\nP\u00fablica no Brasil\u201d, ter\u00e1 como palestrante o professor Jos\u00e9 Luiz Ratton, mestre<br \/>\nem Sociologia e criador do programa estadual Pacto pela Vida. O encontro<br \/>\nacontece na Biblioteca da universidade, das 19h as 22h e \u00e9 aberto ao p\u00fablico,<br \/>\ncom inscri\u00e7\u00f5es gratuitas.<\/div>\n<div class=\"MsoNormal\" style=\"text-align: justify;\">\n<\/div>\n<div class=\"MsoNormal\" style=\"text-align: justify;\">\n<\/div>\n<div class=\"MsoNormal\" style=\"text-align: justify;\">\nOrganizado pelo projeto<br \/>\nProjuris, do curso de direito do Unifavip, o evento contar\u00e1 com a presen\u00e7a de<br \/>\nautoridades p\u00fablicas, membros da sociedade civil organizada e movimentos<br \/>\nsociais para discutir os desafios da seguran\u00e7a p\u00fablica na regi\u00e3o Agreste do estado.<br \/>\nEstudantes e profissionais interessados podem se inscrever nas 150 vagas<br \/>\nabertas atrav\u00e9s do www.even3.com.br\/ierasp.<\/div>\n","protected":false},"excerpt":{"rendered":"<p>A UNIFAVIP|Devry promove, na pr\u00f3xima segunda-feira (18), o I Encontro Regional do Agreste sobre Seguran\u00e7a P\u00fablica, realizado pelo Centro Universit\u00e1rio&hellip;<\/p>\n","protected":false},"author":1,"featured_media":0,"comment_status":"open","ping_status":"open","sticky":false,"template":"","format":"standard","meta":{"footnotes":""},"categories":[1],"tags":[2,5882,5883,5884,905],"class_list":["post-4669","post","type-post","status-publish","format-standard","hentry","category-sem-categoria","tag-blog-do-edvaldo-magalhaes","tag-centro-universitario-do-vale-do-ipojuca","tag-i-encontro-regional-do-agreste-sobre-seguranca-publica","tag-jose-luiz-ratton","tag-policia"],"_links":{"self":[{"href":"https:\/\/blogdoedvaldomagalhaes.com.br\/index.php\/wp-json\/wp\/v2\/posts\/4669","targetHints":{"allow":["GET"]}}],"collection":[{"href":"https:\/\/blogdoedvaldomagalhaes.com.br\/index.php\/wp-json\/wp\/v2\/posts"}],"about":[{"href":"https:\/\/blogdoedvaldomagalhaes.com.br\/index.php\/wp-json\/wp\/v2\/types\/post"}],"author":[{"embeddable":true,"href":"https:\/\/blogdoedvaldomagalhaes.com.br\/index.php\/wp-json\/wp\/v2\/users\/1"}],"replies":[{"embeddable":true,"href":"https:\/\/blogdoedvaldomagalhaes.com.br\/index.php\/wp-json\/wp\/v2\/comments?post=4669"}],"version-history":[{"count":1,"href":"https:\/\/blogdoedvaldomagalhaes.com.br\/index.php\/wp-json\/wp\/v2\/posts\/4669\/revisions"}],"predecessor-version":[{"id":24265,"href":"https:\/\/blogdoedvaldomagalhaes.com.br\/index.php\/wp-json\/wp\/v2\/posts\/4669\/revisions\/24265"}],"wp:attachment":[{"href":"https:\/\/blogdoedvaldomagalhaes.com.br\/index.php\/wp-json\/wp\/v2\/media?parent=4669"}],"wp:term":[{"taxonomy":"category","embeddable":true,"href":"https:\/\/blogdoedvaldomagalhaes.com.br\/index.php\/wp-json\/wp\/v2\/categories?post=4669"},{"taxonomy":"post_tag","embeddable":true,"href":"https:\/\/blogdoedvaldomagalhaes.com.br\/index.php\/wp-json\/wp\/v2\/tags?post=4669"}],"curies":[{"name":"wp","href":"https:\/\/api.w.org\/{rel}","templated":true}]}}