{"id":4668,"date":"2017-09-15T20:46:00","date_gmt":"2017-09-15T23:46:00","guid":{"rendered":"http:\/\/blogdoedvaldomagalhaes.com.br\/index.php\/2017\/09\/15\/dia-d-da-campanha-de-multivacinacao\/"},"modified":"2019-02-09T01:44:34","modified_gmt":"2019-02-09T03:44:34","slug":"dia-d-da-campanha-de-multivacinacao","status":"publish","type":"post","link":"https:\/\/blogdoedvaldomagalhaes.com.br\/index.php\/2017\/09\/15\/dia-d-da-campanha-de-multivacinacao\/","title":{"rendered":"Dia D da Campanha de Multivacina\u00e7\u00e3o neste s\u00e1bado (16)"},"content":{"rendered":"<div class=\"separator\" style=\"clear: both; text-align: center;\">\n<a href=\"https:\/\/3.bp.blogspot.com\/-qTXwPzj2CB0\/Wbw8H9wfb-I\/AAAAAAAAevY\/2r0ES43IvI8QEG270P734-VTm3tdWFSYgCLcBGAs\/s1600\/muklti.jpg\" imageanchor=\"1\" style=\"margin-left: 1em; margin-right: 1em;\"><img loading=\"lazy\" decoding=\"async\" border=\"0\" data-original-height=\"667\" data-original-width=\"1000\" height=\"266\" src=\"http:\/\/blogdoedvaldomagalhaes.com.br\/wp-content\/uploads\/2017\/09\/muklti.jpg\" width=\"400\" \/><\/a><\/div>\n<div class=\"MsoNormal\" style=\"text-align: justify;\">\n<\/div>\n<div class=\"MsoNormal\" style=\"text-align: justify;\">\nSer\u00e1 neste s\u00e1bado (16.09) o<br \/>\nDia D da Campanha Nacional de Multivacina\u00e7\u00e3o para Atualiza\u00e7\u00e3o de Caderneta de<br \/>\nVacina\u00e7\u00e3o. Essa estrat\u00e9gia vem sendo adotando desde 2012 e tem a finalidade de<br \/>\natualizar a situa\u00e7\u00e3o vacinal de rotina da popula\u00e7\u00e3o de crian\u00e7as e adolescentes<br \/>\nmenores de 15 anos de idade (14 anos 11 meses e 29 dias). Cada munic\u00edpio<br \/>\norganizar\u00e1 suas a\u00e7\u00f5es para o Dia D.<\/div>\n<div class=\"MsoNormal\" style=\"text-align: justify;\">\n<\/div>\n<div class=\"MsoNormal\" style=\"text-align: justify;\">\nAtualmente, o calend\u00e1rio<br \/>\nnacional de vacina\u00e7\u00e3o conta com 14 vacinas para as crian\u00e7as e 5 para os<br \/>\nadolescentes. Por isso, \u00e9 fundamental que toda a popula\u00e7\u00e3o alvo compare\u00e7a aos<br \/>\nservi\u00e7os de sa\u00fade levando a caderneta de vacina\u00e7\u00e3o, para que os profissionais<br \/>\nde sa\u00fade possam avaliar se h\u00e1 alguma vacina que ainda n\u00e3o foi administrada ou<br \/>\nse h\u00e1 doses que necessitam ser aplicadas, para completar o esquema vacinal. Com<br \/>\nisso, \u00e9 poss\u00edvel evitar casos de sarampo, coqueluche, difteria, t\u00e9tano, HPV,<br \/>\nmeningite, poliomielite, hepatites A e B, entre outras doen\u00e7as.<\/div>\n<div class=\"MsoNormal\" style=\"text-align: justify;\">\n<\/div>\n<div class=\"MsoNormal\" style=\"text-align: justify;\">\n\u201cA Campanha de<br \/>\nMultivacina\u00e7\u00e3o busca chamar a aten\u00e7\u00e3o dos pais e respons\u00e1veis para que<br \/>\nmantenham a caderneta de vacina\u00e7\u00e3o das crian\u00e7as e adolescentes em dia. Esse \u00e9<br \/>\num momento oportuno para fazer a atualiza\u00e7\u00e3o e, com isso, evitar diversos tipos<br \/>\nde doen\u00e7as, inclusive algumas que est\u00e3o fora de circula\u00e7\u00e3o no Brasil, como a<br \/>\npoliomielite, que foi registrada pela \u00faltima vez em Pernambuco em 1988\u201d, afirma<br \/>\na coordenadora do Programa Estadual de Imuniza\u00e7\u00e3o da Secretaria Estadual de Sa\u00fade<br \/>\n(SES), Ana Catarina de Melo.<\/div>\n<div class=\"MsoNormal\" style=\"text-align: justify;\">\n<\/div>\n<div class=\"MsoNormal\" style=\"text-align: justify;\">\nEntre as vacinas que poder\u00e3o<br \/>\nser aplicadas nas crian\u00e7as, est\u00e3o as das hepatites A e B, tr\u00edplice viral<br \/>\n(caxumba, rub\u00e9ola e sarampo), meningoc\u00f3cica C, BCG e as contra a poliomielite.<br \/>\nJ\u00e1 para o p\u00fablico entre 7 e menores de 15 anos, h\u00e1 a dupla adulto (dT &#8211;<br \/>\ndifteria e t\u00e9tano), hepatite B, meningoc\u00f3cica C e HPV.<\/div>\n<div class=\"MsoNormal\" style=\"text-align: justify;\">\n<\/div>\n<p><\/p>\n<div class=\"MsoNormal\" style=\"text-align: justify;\">\n\u201cPara cada vacina \u00e9<br \/>\nestabelecido o n\u00famero de doses, a idade m\u00ednima e m\u00e1xima para receber cada dose<br \/>\ne os intervalos ideais entre as elas. Se um esquema vacinal n\u00e3o for completado<br \/>\nou for realizado no tempo inadequado, a pessoa n\u00e3o ficar\u00e1 imune \u00e0s doen\u00e7as\u201d,<br \/>\nressalta Ana Catarina.<\/div>\n","protected":false},"excerpt":{"rendered":"<p>Ser\u00e1 neste s\u00e1bado (16.09) o Dia D da Campanha Nacional de Multivacina\u00e7\u00e3o para Atualiza\u00e7\u00e3o de Caderneta de Vacina\u00e7\u00e3o. Essa estrat\u00e9gia&hellip;<\/p>\n","protected":false},"author":1,"featured_media":0,"comment_status":"open","ping_status":"open","sticky":false,"template":"","format":"standard","meta":{"footnotes":""},"categories":[1],"tags":[2,5881,6,2862],"class_list":["post-4668","post","type-post","status-publish","format-standard","hentry","category-sem-categoria","tag-blog-do-edvaldo-magalhaes","tag-dia-d-da-campanha-de-multivacinacao-neste-sabado-16","tag-noticias","tag-ultimas-noticias"],"_links":{"self":[{"href":"https:\/\/blogdoedvaldomagalhaes.com.br\/index.php\/wp-json\/wp\/v2\/posts\/4668","targetHints":{"allow":["GET"]}}],"collection":[{"href":"https:\/\/blogdoedvaldomagalhaes.com.br\/index.php\/wp-json\/wp\/v2\/posts"}],"about":[{"href":"https:\/\/blogdoedvaldomagalhaes.com.br\/index.php\/wp-json\/wp\/v2\/types\/post"}],"author":[{"embeddable":true,"href":"https:\/\/blogdoedvaldomagalhaes.com.br\/index.php\/wp-json\/wp\/v2\/users\/1"}],"replies":[{"embeddable":true,"href":"https:\/\/blogdoedvaldomagalhaes.com.br\/index.php\/wp-json\/wp\/v2\/comments?post=4668"}],"version-history":[{"count":1,"href":"https:\/\/blogdoedvaldomagalhaes.com.br\/index.php\/wp-json\/wp\/v2\/posts\/4668\/revisions"}],"predecessor-version":[{"id":24267,"href":"https:\/\/blogdoedvaldomagalhaes.com.br\/index.php\/wp-json\/wp\/v2\/posts\/4668\/revisions\/24267"}],"wp:attachment":[{"href":"https:\/\/blogdoedvaldomagalhaes.com.br\/index.php\/wp-json\/wp\/v2\/media?parent=4668"}],"wp:term":[{"taxonomy":"category","embeddable":true,"href":"https:\/\/blogdoedvaldomagalhaes.com.br\/index.php\/wp-json\/wp\/v2\/categories?post=4668"},{"taxonomy":"post_tag","embeddable":true,"href":"https:\/\/blogdoedvaldomagalhaes.com.br\/index.php\/wp-json\/wp\/v2\/tags?post=4668"}],"curies":[{"name":"wp","href":"https:\/\/api.w.org\/{rel}","templated":true}]}}