{"id":46678,"date":"2019-09-22T15:38:55","date_gmt":"2019-09-22T18:38:55","guid":{"rendered":"http:\/\/blogdoedvaldomagalhaes.com.br\/?p=46678"},"modified":"2019-09-22T15:38:57","modified_gmt":"2019-09-22T18:38:57","slug":"barao-vermelho-estara-pela-primeira-vez-no-caruaru-no-motofest-2019","status":"publish","type":"post","link":"https:\/\/blogdoedvaldomagalhaes.com.br\/index.php\/2019\/09\/22\/barao-vermelho-estara-pela-primeira-vez-no-caruaru-no-motofest-2019\/","title":{"rendered":"Bar\u00e3o Vermelho estar\u00e1 pela primeira vez no Caruaru no MotoFest 2019"},"content":{"rendered":"<p style=\"text-align: justify;\"><span style=\"font-size: inherit;\">O Caruaru MotoFest 2019 ir\u00e1 receber a banda Bar\u00e3o Vermelho no dia 11 de outubro, uma sexta-feira. O evento tem a realiza\u00e7\u00e3o da Prefeitura de Caruaru, atrav\u00e9s da Funda\u00e7\u00e3o de Cultura e Turismo (FCTC) e conta com a correaliza\u00e7\u00e3o do Movimento Motocicl\u00edstico do munic\u00edpio. Renato Marinho, Z\u00e9 do Estado e Joanatan Richard s\u00e3o as outras atra\u00e7\u00f5es j\u00e1 confirmadas.<\/span><\/p>\n<p style=\"text-align: justify;\">A festividade acontecer\u00e1 entre os dias 10 e 12 de outubro no P\u00e1tio de Eventos Luiz Gonzaga e contar\u00e1 com shows, exposi\u00e7\u00e3o, palestras, passeios, manobras, caf\u00e9 da manh\u00e3, stands, foodpark e outros momentos. Com o Caruaru MotoFest 2019, ser\u00e3o 27 edi\u00e7\u00f5es de eventos do tipo, fazendo com que Caruaru se firme ainda mais no calend\u00e1rio de eventos motocicl\u00edsticos do Brasil.<\/p>\n","protected":false},"excerpt":{"rendered":"<p>O Caruaru MotoFest 2019 ir\u00e1 receber a banda Bar\u00e3o Vermelho no dia 11 de outubro, uma sexta-feira. O evento tem&hellip;<\/p>\n","protected":false},"author":1,"featured_media":46679,"comment_status":"closed","ping_status":"open","sticky":false,"template":"","format":"standard","meta":{"footnotes":""},"categories":[14120],"tags":[16214,2],"class_list":["post-46678","post","type-post","status-publish","format-standard","has-post-thumbnail","hentry","category-noticias","tag-barao-vermelho-estara-pela-primeira-vez-no-caruaru-no-motofest-2019","tag-blog-do-edvaldo-magalhaes"],"_links":{"self":[{"href":"https:\/\/blogdoedvaldomagalhaes.com.br\/index.php\/wp-json\/wp\/v2\/posts\/46678","targetHints":{"allow":["GET"]}}],"collection":[{"href":"https:\/\/blogdoedvaldomagalhaes.com.br\/index.php\/wp-json\/wp\/v2\/posts"}],"about":[{"href":"https:\/\/blogdoedvaldomagalhaes.com.br\/index.php\/wp-json\/wp\/v2\/types\/post"}],"author":[{"embeddable":true,"href":"https:\/\/blogdoedvaldomagalhaes.com.br\/index.php\/wp-json\/wp\/v2\/users\/1"}],"replies":[{"embeddable":true,"href":"https:\/\/blogdoedvaldomagalhaes.com.br\/index.php\/wp-json\/wp\/v2\/comments?post=46678"}],"version-history":[{"count":1,"href":"https:\/\/blogdoedvaldomagalhaes.com.br\/index.php\/wp-json\/wp\/v2\/posts\/46678\/revisions"}],"predecessor-version":[{"id":46680,"href":"https:\/\/blogdoedvaldomagalhaes.com.br\/index.php\/wp-json\/wp\/v2\/posts\/46678\/revisions\/46680"}],"wp:featuredmedia":[{"embeddable":true,"href":"https:\/\/blogdoedvaldomagalhaes.com.br\/index.php\/wp-json\/wp\/v2\/media\/46679"}],"wp:attachment":[{"href":"https:\/\/blogdoedvaldomagalhaes.com.br\/index.php\/wp-json\/wp\/v2\/media?parent=46678"}],"wp:term":[{"taxonomy":"category","embeddable":true,"href":"https:\/\/blogdoedvaldomagalhaes.com.br\/index.php\/wp-json\/wp\/v2\/categories?post=46678"},{"taxonomy":"post_tag","embeddable":true,"href":"https:\/\/blogdoedvaldomagalhaes.com.br\/index.php\/wp-json\/wp\/v2\/tags?post=46678"}],"curies":[{"name":"wp","href":"https:\/\/api.w.org\/{rel}","templated":true}]}}