{"id":46673,"date":"2019-09-22T15:26:21","date_gmt":"2019-09-22T18:26:21","guid":{"rendered":"http:\/\/blogdoedvaldomagalhaes.com.br\/?p=46673"},"modified":"2019-09-22T15:30:05","modified_gmt":"2019-09-22T18:30:05","slug":"prefeito-de-toritama-conhece-estrutura-fisica-e-pedagogica-de-escola-municipal-de-caruaru","status":"publish","type":"post","link":"https:\/\/blogdoedvaldomagalhaes.com.br\/index.php\/2019\/09\/22\/prefeito-de-toritama-conhece-estrutura-fisica-e-pedagogica-de-escola-municipal-de-caruaru\/","title":{"rendered":"Prefeito de Toritama conhece estrutura f\u00edsica e pedag\u00f3gica de escola municipal de Caruaru"},"content":{"rendered":"<p style=\"text-align: justify;\"><span style=\"font-size: inherit;\">A Prefeitura de Caruaru recebeu, nessa \u00faltima semana, a visita do prefeito de Toritama, Edilson Tavares, em visita t\u00e9cnica \u00e0 Escola Municipal Padre Pedro Aguiar, no Residencial Alto do Moura. Ele veio acompanhado do secret\u00e1rio municipal de Educa\u00e7\u00e3o, Welson Costa.<\/span><\/p>\n<p style=\"text-align: justify;\">Na ocasi\u00e3o, o prefeito e seu gestor foram recepcionados pela secret\u00e1ria de Educa\u00e7\u00e3o de Caruaru, Marta Medeiros e pelo secret\u00e1rio executivo de Governo, Lino Portela; al\u00e9m da gestora da Escola, Jakeline Patr\u00edcia.<\/p>\n<p style=\"text-align: justify;\">Na oportunidade, foi apresentada ao Prefeito de Toritama a estrutura f\u00edsica, laborat\u00f3rios, planejamento pedag\u00f3gico e funcionamento da escola. Edilson Tavares comentou sobre a boa funcionalidade do local e da possibilidade de aplicar nas escolas de Toritama aspectos da gest\u00e3o da educa\u00e7\u00e3o de Caruaru.<\/p>\n\n\n<figure class=\"wp-block-image\"><img loading=\"lazy\" decoding=\"async\" width=\"1024\" height=\"768\" src=\"http:\/\/blogdoedvaldomagalhaes.com.br\/wp-content\/uploads\/2019\/09\/IMG-20190921-WA0084-1024x768.jpg\" alt=\"\" class=\"wp-image-46676\" srcset=\"https:\/\/blogdoedvaldomagalhaes.com.br\/wp-content\/uploads\/2019\/09\/IMG-20190921-WA0084-1024x768.jpg 1024w, https:\/\/blogdoedvaldomagalhaes.com.br\/wp-content\/uploads\/2019\/09\/IMG-20190921-WA0084-300x225.jpg 300w, https:\/\/blogdoedvaldomagalhaes.com.br\/wp-content\/uploads\/2019\/09\/IMG-20190921-WA0084-768x576.jpg 768w, https:\/\/blogdoedvaldomagalhaes.com.br\/wp-content\/uploads\/2019\/09\/IMG-20190921-WA0084-160x120.jpg 160w, https:\/\/blogdoedvaldomagalhaes.com.br\/wp-content\/uploads\/2019\/09\/IMG-20190921-WA0084.jpg 1280w\" sizes=\"auto, (max-width: 1024px) 100vw, 1024px\" \/><\/figure>\n","protected":false},"excerpt":{"rendered":"<p>A Prefeitura de Caruaru recebeu, nessa \u00faltima semana, a visita do prefeito de Toritama, Edilson Tavares, em visita t\u00e9cnica \u00e0&hellip;<\/p>\n","protected":false},"author":1,"featured_media":46674,"comment_status":"closed","ping_status":"open","sticky":false,"template":"","format":"standard","meta":{"footnotes":""},"categories":[14122],"tags":[2,16213],"class_list":["post-46673","post","type-post","status-publish","format-standard","has-post-thumbnail","hentry","category-politica","tag-blog-do-edvaldo-magalhaes","tag-prefeito-de-toritama-conhece-estrutura-fisica-e-pedagogica-de-escola-municipal-de-caruaru"],"_links":{"self":[{"href":"https:\/\/blogdoedvaldomagalhaes.com.br\/index.php\/wp-json\/wp\/v2\/posts\/46673","targetHints":{"allow":["GET"]}}],"collection":[{"href":"https:\/\/blogdoedvaldomagalhaes.com.br\/index.php\/wp-json\/wp\/v2\/posts"}],"about":[{"href":"https:\/\/blogdoedvaldomagalhaes.com.br\/index.php\/wp-json\/wp\/v2\/types\/post"}],"author":[{"embeddable":true,"href":"https:\/\/blogdoedvaldomagalhaes.com.br\/index.php\/wp-json\/wp\/v2\/users\/1"}],"replies":[{"embeddable":true,"href":"https:\/\/blogdoedvaldomagalhaes.com.br\/index.php\/wp-json\/wp\/v2\/comments?post=46673"}],"version-history":[{"count":2,"href":"https:\/\/blogdoedvaldomagalhaes.com.br\/index.php\/wp-json\/wp\/v2\/posts\/46673\/revisions"}],"predecessor-version":[{"id":46677,"href":"https:\/\/blogdoedvaldomagalhaes.com.br\/index.php\/wp-json\/wp\/v2\/posts\/46673\/revisions\/46677"}],"wp:featuredmedia":[{"embeddable":true,"href":"https:\/\/blogdoedvaldomagalhaes.com.br\/index.php\/wp-json\/wp\/v2\/media\/46674"}],"wp:attachment":[{"href":"https:\/\/blogdoedvaldomagalhaes.com.br\/index.php\/wp-json\/wp\/v2\/media?parent=46673"}],"wp:term":[{"taxonomy":"category","embeddable":true,"href":"https:\/\/blogdoedvaldomagalhaes.com.br\/index.php\/wp-json\/wp\/v2\/categories?post=46673"},{"taxonomy":"post_tag","embeddable":true,"href":"https:\/\/blogdoedvaldomagalhaes.com.br\/index.php\/wp-json\/wp\/v2\/tags?post=46673"}],"curies":[{"name":"wp","href":"https:\/\/api.w.org\/{rel}","templated":true}]}}