{"id":46667,"date":"2019-09-21T22:26:28","date_gmt":"2019-09-22T01:26:28","guid":{"rendered":"http:\/\/blogdoedvaldomagalhaes.com.br\/?p=46667"},"modified":"2019-09-21T22:37:55","modified_gmt":"2019-09-22T01:37:55","slug":"homem-acusado-de-tentar-matar-a-propria-irma-e-preso-pela-pm","status":"publish","type":"post","link":"https:\/\/blogdoedvaldomagalhaes.com.br\/index.php\/2019\/09\/21\/homem-acusado-de-tentar-matar-a-propria-irma-e-preso-pela-pm\/","title":{"rendered":"Homem acusado de tentar matar a pr\u00f3pria irm\u00e3 \u00e9 preso pela PM"},"content":{"rendered":"<p style=\"text-align: justify;\">Tiago Jos\u00e9 da Silva \u00e9\u00a0 acusado de esfaquear a pr\u00f3pria irm\u00e3 Isabela Maria da Silva, de 30 anos de idade, na rua do pac\u00edfico, no bairro Santa Rosa, em Caruaru, na tarde deste s\u00e1bado (21). O\u00a0acusado foi preso em flagrante pela equipe da ROCROC 03 que tem a frente o Soldado Artur Souza, juntamente com apoio da Rocam, ambos do 1\u00b0 BIESP.<\/p>\n<p style=\"text-align: justify;\">Tiago, informou aos policiais que j\u00e1 vinha planejando matar sua irm\u00e3, j\u00e1 que sempre vivia discutindo com ela e hoje deu vontade de cometer o crime.<\/p>\n<p style=\"text-align: justify;\">O acusado do crime, foi conduzido para delegacia de Homicidios de Caruaru e sua irm\u00e3, socorrida em estado grave para o hospital regional do agreste.<\/p>\n","protected":false},"excerpt":{"rendered":"<p>Tiago Jos\u00e9 da Silva \u00e9\u00a0 acusado de esfaquear a pr\u00f3pria irm\u00e3 Isabela Maria da Silva, de 30 anos de idade,&hellip;<\/p>\n","protected":false},"author":1,"featured_media":46668,"comment_status":"closed","ping_status":"open","sticky":false,"template":"","format":"standard","meta":{"footnotes":""},"categories":[14121],"tags":[2,16212],"class_list":["post-46667","post","type-post","status-publish","format-standard","has-post-thumbnail","hentry","category-policial","tag-blog-do-edvaldo-magalhaes","tag-homem-acusado-de-tentar-matar-a-propria-irma-e-preso-pela-pm"],"_links":{"self":[{"href":"https:\/\/blogdoedvaldomagalhaes.com.br\/index.php\/wp-json\/wp\/v2\/posts\/46667","targetHints":{"allow":["GET"]}}],"collection":[{"href":"https:\/\/blogdoedvaldomagalhaes.com.br\/index.php\/wp-json\/wp\/v2\/posts"}],"about":[{"href":"https:\/\/blogdoedvaldomagalhaes.com.br\/index.php\/wp-json\/wp\/v2\/types\/post"}],"author":[{"embeddable":true,"href":"https:\/\/blogdoedvaldomagalhaes.com.br\/index.php\/wp-json\/wp\/v2\/users\/1"}],"replies":[{"embeddable":true,"href":"https:\/\/blogdoedvaldomagalhaes.com.br\/index.php\/wp-json\/wp\/v2\/comments?post=46667"}],"version-history":[{"count":3,"href":"https:\/\/blogdoedvaldomagalhaes.com.br\/index.php\/wp-json\/wp\/v2\/posts\/46667\/revisions"}],"predecessor-version":[{"id":46672,"href":"https:\/\/blogdoedvaldomagalhaes.com.br\/index.php\/wp-json\/wp\/v2\/posts\/46667\/revisions\/46672"}],"wp:featuredmedia":[{"embeddable":true,"href":"https:\/\/blogdoedvaldomagalhaes.com.br\/index.php\/wp-json\/wp\/v2\/media\/46668"}],"wp:attachment":[{"href":"https:\/\/blogdoedvaldomagalhaes.com.br\/index.php\/wp-json\/wp\/v2\/media?parent=46667"}],"wp:term":[{"taxonomy":"category","embeddable":true,"href":"https:\/\/blogdoedvaldomagalhaes.com.br\/index.php\/wp-json\/wp\/v2\/categories?post=46667"},{"taxonomy":"post_tag","embeddable":true,"href":"https:\/\/blogdoedvaldomagalhaes.com.br\/index.php\/wp-json\/wp\/v2\/tags?post=46667"}],"curies":[{"name":"wp","href":"https:\/\/api.w.org\/{rel}","templated":true}]}}