{"id":46657,"date":"2019-09-20T20:33:49","date_gmt":"2019-09-20T23:33:49","guid":{"rendered":"http:\/\/blogdoedvaldomagalhaes.com.br\/?p=46657"},"modified":"2019-09-20T20:33:51","modified_gmt":"2019-09-20T23:33:51","slug":"acic-adia-i-seminario-de-gestao-inovacao-e-empreendedorismo","status":"publish","type":"post","link":"https:\/\/blogdoedvaldomagalhaes.com.br\/index.php\/2019\/09\/20\/acic-adia-i-seminario-de-gestao-inovacao-e-empreendedorismo\/","title":{"rendered":"Acic adia I Semin\u00e1rio de Gest\u00e3o, Inova\u00e7\u00e3o e Empreendedorismo"},"content":{"rendered":"<p style=\"text-align: justify;\"><span style=\"font-size: inherit;\">A Associa\u00e7\u00e3o Comercial e Empresarial de Caruaru (Acic) informa que precisar\u00e1 remarcar o I Semin\u00e1rio de Gest\u00e3o, Inova\u00e7\u00e3o e Empreendedorismo, que aconteceria nesta sexta-feira (20), a partir das 17h30. Principal atra\u00e7\u00e3o do evento, Rick Chesther n\u00e3o conseguiu embarcar a tempo para Recife, ap\u00f3s o voo da companhia Azul Linhas \u00c1reas vindo de Dourados (MG) com destino \u00e0 Campinas sofrer um atraso. A Acic e o palestrante lamentam o ocorrido e informam que em breve uma nova data ser\u00e1 anunciada para o semin\u00e1rio.<\/span><\/p>\n","protected":false},"excerpt":{"rendered":"<p>A Associa\u00e7\u00e3o Comercial e Empresarial de Caruaru (Acic) informa que precisar\u00e1 remarcar o I Semin\u00e1rio de Gest\u00e3o, Inova\u00e7\u00e3o e Empreendedorismo,&hellip;<\/p>\n","protected":false},"author":1,"featured_media":46658,"comment_status":"closed","ping_status":"open","sticky":false,"template":"","format":"standard","meta":{"footnotes":""},"categories":[14120],"tags":[16209,2,16210],"class_list":["post-46657","post","type-post","status-publish","format-standard","has-post-thumbnail","hentry","category-noticias","tag-acic-adia-i-seminario-de-gestao","tag-blog-do-edvaldo-magalhaes","tag-inovacao-e-empreendedorismo"],"_links":{"self":[{"href":"https:\/\/blogdoedvaldomagalhaes.com.br\/index.php\/wp-json\/wp\/v2\/posts\/46657","targetHints":{"allow":["GET"]}}],"collection":[{"href":"https:\/\/blogdoedvaldomagalhaes.com.br\/index.php\/wp-json\/wp\/v2\/posts"}],"about":[{"href":"https:\/\/blogdoedvaldomagalhaes.com.br\/index.php\/wp-json\/wp\/v2\/types\/post"}],"author":[{"embeddable":true,"href":"https:\/\/blogdoedvaldomagalhaes.com.br\/index.php\/wp-json\/wp\/v2\/users\/1"}],"replies":[{"embeddable":true,"href":"https:\/\/blogdoedvaldomagalhaes.com.br\/index.php\/wp-json\/wp\/v2\/comments?post=46657"}],"version-history":[{"count":1,"href":"https:\/\/blogdoedvaldomagalhaes.com.br\/index.php\/wp-json\/wp\/v2\/posts\/46657\/revisions"}],"predecessor-version":[{"id":46659,"href":"https:\/\/blogdoedvaldomagalhaes.com.br\/index.php\/wp-json\/wp\/v2\/posts\/46657\/revisions\/46659"}],"wp:featuredmedia":[{"embeddable":true,"href":"https:\/\/blogdoedvaldomagalhaes.com.br\/index.php\/wp-json\/wp\/v2\/media\/46658"}],"wp:attachment":[{"href":"https:\/\/blogdoedvaldomagalhaes.com.br\/index.php\/wp-json\/wp\/v2\/media?parent=46657"}],"wp:term":[{"taxonomy":"category","embeddable":true,"href":"https:\/\/blogdoedvaldomagalhaes.com.br\/index.php\/wp-json\/wp\/v2\/categories?post=46657"},{"taxonomy":"post_tag","embeddable":true,"href":"https:\/\/blogdoedvaldomagalhaes.com.br\/index.php\/wp-json\/wp\/v2\/tags?post=46657"}],"curies":[{"name":"wp","href":"https:\/\/api.w.org\/{rel}","templated":true}]}}