{"id":46650,"date":"2019-09-20T20:15:55","date_gmt":"2019-09-20T23:15:55","guid":{"rendered":"http:\/\/blogdoedvaldomagalhaes.com.br\/?p=46650"},"modified":"2019-09-20T20:28:24","modified_gmt":"2019-09-20T23:28:24","slug":"exposicao-de-automoveis-e-shows-musicais-para-no-fim-de-semana-em-caruaru","status":"publish","type":"post","link":"https:\/\/blogdoedvaldomagalhaes.com.br\/index.php\/2019\/09\/20\/exposicao-de-automoveis-e-shows-musicais-para-no-fim-de-semana-em-caruaru\/","title":{"rendered":"Exposi\u00e7\u00e3o de autom\u00f3veis e shows musicais para no fim de semana em Caruaru"},"content":{"rendered":"<p style=\"text-align: justify;\"><span style=\"font-size: inherit;\">Para aproveitar o fim de semana, o Polo Caruaru preparou uma programa\u00e7\u00e3o variada que promete agradar todos os p\u00fablicos. Pra este fim de semana est\u00e3o programadas apresenta\u00e7\u00f5es musicais e a exposi\u00e7\u00e3o de carros antigos, al\u00e9m de competi\u00e7\u00f5es de t\u00eanis de mesa pela Liga Escolar. Essa \u00faltima, acontece no s\u00e1bado (21) e domingo (22).<\/span><\/p>\n<p style=\"text-align: justify;\">No s\u00e1bado, o encontro de ritmos comanda a trilha sonora do Polo Caruaru. A partir das 11h, tem apresenta\u00e7\u00e3o de trio p\u00e9 de serra. Para quem gosta de curtir m\u00fasica ao vivo, a cantora Renata Torres traz um repert\u00f3rio especial, recheado de sucessos, para fazer o p\u00fablico relembrar momentos, cantar e se divertir. Ambas as apresenta\u00e7\u00f5es acontecem na Pra\u00e7a de Eventos do Centro de Compras.<\/p>\n<p style=\"text-align: justify;\">No domingo, os apaixonados pelos carros antigos ter\u00e3o um motivo a mais para ir at\u00e9 o Polo Caruaru. A partir das 9h da manh\u00e3, o Centro de Compras recebe a 10\u00aa edi\u00e7\u00e3o do Encontro do Opala e Antigos. Durante o evento, os visitantes ter\u00e3o acesso a muitas raridades. Como os Opalas s\u00e3o as estrelas, estar\u00e3o por l\u00e1 modelos que datam a partir de 1968. Para conferir, o visitante deve levar dois quilos de alimento n\u00e3o perec\u00edvel.<br>\nAinda no domingo, a partir das 13h, o Polo sedia a semi-final do projeto Talento Kids, uma parceria com a TV Jornal, que tem apresentado talentos infantis na M\u00fasica, na Dan\u00e7a e na Interpreta\u00e7\u00e3o. A plateia, sempre animada, vibra com as apresenta\u00e7\u00f5es da garotada, que tem dado um show de desenvoltura no palco montado na Pra\u00e7a de Eventos. Lembrando que o evento \u00e9 gratuito.<\/p>\n\n\n<figure class=\"wp-block-image\"><img loading=\"lazy\" decoding=\"async\" width=\"1000\" height=\"1000\" src=\"http:\/\/blogdoedvaldomagalhaes.com.br\/wp-content\/uploads\/2019\/09\/IMG-20190920-WA0048.jpg\" alt=\"\" class=\"wp-image-46655\" srcset=\"https:\/\/blogdoedvaldomagalhaes.com.br\/wp-content\/uploads\/2019\/09\/IMG-20190920-WA0048.jpg 1000w, https:\/\/blogdoedvaldomagalhaes.com.br\/wp-content\/uploads\/2019\/09\/IMG-20190920-WA0048-150x150.jpg 150w, https:\/\/blogdoedvaldomagalhaes.com.br\/wp-content\/uploads\/2019\/09\/IMG-20190920-WA0048-300x300.jpg 300w, https:\/\/blogdoedvaldomagalhaes.com.br\/wp-content\/uploads\/2019\/09\/IMG-20190920-WA0048-768x768.jpg 768w\" sizes=\"auto, (max-width: 1000px) 100vw, 1000px\" \/><\/figure>\n","protected":false},"excerpt":{"rendered":"<p>Para aproveitar o fim de semana, o Polo Caruaru preparou uma programa\u00e7\u00e3o variada que promete agradar todos os p\u00fablicos. Pra&hellip;<\/p>\n","protected":false},"author":1,"featured_media":46651,"comment_status":"closed","ping_status":"open","sticky":false,"template":"","format":"standard","meta":{"footnotes":""},"categories":[14120],"tags":[2,16208,1518],"class_list":["post-46650","post","type-post","status-publish","format-standard","has-post-thumbnail","hentry","category-noticias","tag-blog-do-edvaldo-magalhaes","tag-exposicao-de-automoveis-e-shows-musicais-para-no-fim-de-semana-em-caruaru","tag-polo-caruaru"],"_links":{"self":[{"href":"https:\/\/blogdoedvaldomagalhaes.com.br\/index.php\/wp-json\/wp\/v2\/posts\/46650","targetHints":{"allow":["GET"]}}],"collection":[{"href":"https:\/\/blogdoedvaldomagalhaes.com.br\/index.php\/wp-json\/wp\/v2\/posts"}],"about":[{"href":"https:\/\/blogdoedvaldomagalhaes.com.br\/index.php\/wp-json\/wp\/v2\/types\/post"}],"author":[{"embeddable":true,"href":"https:\/\/blogdoedvaldomagalhaes.com.br\/index.php\/wp-json\/wp\/v2\/users\/1"}],"replies":[{"embeddable":true,"href":"https:\/\/blogdoedvaldomagalhaes.com.br\/index.php\/wp-json\/wp\/v2\/comments?post=46650"}],"version-history":[{"count":3,"href":"https:\/\/blogdoedvaldomagalhaes.com.br\/index.php\/wp-json\/wp\/v2\/posts\/46650\/revisions"}],"predecessor-version":[{"id":46656,"href":"https:\/\/blogdoedvaldomagalhaes.com.br\/index.php\/wp-json\/wp\/v2\/posts\/46650\/revisions\/46656"}],"wp:featuredmedia":[{"embeddable":true,"href":"https:\/\/blogdoedvaldomagalhaes.com.br\/index.php\/wp-json\/wp\/v2\/media\/46651"}],"wp:attachment":[{"href":"https:\/\/blogdoedvaldomagalhaes.com.br\/index.php\/wp-json\/wp\/v2\/media?parent=46650"}],"wp:term":[{"taxonomy":"category","embeddable":true,"href":"https:\/\/blogdoedvaldomagalhaes.com.br\/index.php\/wp-json\/wp\/v2\/categories?post=46650"},{"taxonomy":"post_tag","embeddable":true,"href":"https:\/\/blogdoedvaldomagalhaes.com.br\/index.php\/wp-json\/wp\/v2\/tags?post=46650"}],"curies":[{"name":"wp","href":"https:\/\/api.w.org\/{rel}","templated":true}]}}