{"id":4610,"date":"2017-09-20T15:11:00","date_gmt":"2017-09-20T18:11:00","guid":{"rendered":"http:\/\/blogdoedvaldomagalhaes.com.br\/index.php\/2017\/09\/20\/2-homicidio-em-caruaru-nesta-quarta\/"},"modified":"2019-02-09T01:45:04","modified_gmt":"2019-02-09T03:45:04","slug":"2-homicidio-em-caruaru-nesta-quarta","status":"publish","type":"post","link":"https:\/\/blogdoedvaldomagalhaes.com.br\/index.php\/2017\/09\/20\/2-homicidio-em-caruaru-nesta-quarta\/","title":{"rendered":"2\u00b0 homic\u00eddio em Caruaru nesta quarta-feira: usu\u00e1rio de drogas morto com golpes de faca"},"content":{"rendered":"<div class=\"separator\" style=\"clear: both; text-align: center;\">\n<a href=\"https:\/\/2.bp.blogspot.com\/-mY_UghGSwVc\/WcKBZr4EWEI\/AAAAAAAAfJk\/n8MN_gUumXQvR1_d5wncbTxMm5wXKHY0QCLcBGAs\/s1600\/IMG-20170920-WA0093.jpg\" imageanchor=\"1\" style=\"margin-left: 1em; margin-right: 1em;\"><img loading=\"lazy\" decoding=\"async\" border=\"0\" data-original-height=\"1032\" data-original-width=\"774\" height=\"320\" src=\"http:\/\/blogdoedvaldomagalhaes.com.br\/wp-content\/uploads\/2017\/09\/IMG-20170920-WA0093.jpg\" width=\"240\" \/><\/a><\/div>\n<div class=\"separator\" style=\"clear: both; text-align: justify;\">\n<\/div>\n<div class=\"separator\" style=\"clear: both; text-align: justify;\">\nO segundo homic\u00eddio registrado nesta quarta-feira (20), em Caruaru, teve como v\u00edtima Lucas Pereira Tabosa, 27 anos, morava em Toritama, sendo assassinado a facadas, em um terreno baldio as margens do Rio Capibaribe, na Vila Cana\u00e3, zona rural do munic\u00edpio. De acordo com a pol\u00edcia, Lucas era usu\u00e1rio de drogas.<\/div>\n<div class=\"separator\" style=\"clear: both; text-align: justify;\">\n<\/div>\n<div class=\"separator\" style=\"clear: both; text-align: center;\">\n<a href=\"https:\/\/3.bp.blogspot.com\/-CTRv8hgkQfk\/WcKeFufJQeI\/AAAAAAAAfKQ\/VNEC9jc7CRoAyt7oL_fwkjalCo5J_CNmACLcBGAs\/s1600\/IMG-20170920-WA0134.jpg\" imageanchor=\"1\" style=\"margin-left: 1em; margin-right: 1em;\"><img loading=\"lazy\" decoding=\"async\" border=\"0\" data-original-height=\"892\" data-original-width=\"719\" height=\"400\" src=\"http:\/\/blogdoedvaldomagalhaes.com.br\/wp-content\/uploads\/2017\/09\/IMG-20170920-WA0134.jpg\" width=\"321\" \/><\/a><\/div>\n<div class=\"separator\" style=\"clear: both; text-align: justify;\">\n<\/div>\n<div class=\"separator\" style=\"clear: both; text-align: justify;\">\nEste foi o 18\u00b0 homic\u00eddio no m\u00eas de setembro e o 211\u00b0 do ano em Caruaru.&nbsp;<\/div>\n<p><\/p>\n","protected":false},"excerpt":{"rendered":"<p>O segundo homic\u00eddio registrado nesta quarta-feira (20), em Caruaru, teve como v\u00edtima Lucas Pereira Tabosa, 27 anos, morava em Toritama,&hellip;<\/p>\n","protected":false},"author":1,"featured_media":0,"comment_status":"open","ping_status":"open","sticky":false,"template":"","format":"standard","meta":{"footnotes":""},"categories":[1],"tags":[5778,2,13,4668],"class_list":["post-4610","post","type-post","status-publish","format-standard","hentry","category-sem-categoria","tag-2-homicidio-em-caruaru-nesta-quarta-feira-usuario-de-drogas-morto-com-golpes-de-faca","tag-blog-do-edvaldo-magalhaes","tag-policial","tag-ultimas-noticias-policiais"],"_links":{"self":[{"href":"https:\/\/blogdoedvaldomagalhaes.com.br\/index.php\/wp-json\/wp\/v2\/posts\/4610","targetHints":{"allow":["GET"]}}],"collection":[{"href":"https:\/\/blogdoedvaldomagalhaes.com.br\/index.php\/wp-json\/wp\/v2\/posts"}],"about":[{"href":"https:\/\/blogdoedvaldomagalhaes.com.br\/index.php\/wp-json\/wp\/v2\/types\/post"}],"author":[{"embeddable":true,"href":"https:\/\/blogdoedvaldomagalhaes.com.br\/index.php\/wp-json\/wp\/v2\/users\/1"}],"replies":[{"embeddable":true,"href":"https:\/\/blogdoedvaldomagalhaes.com.br\/index.php\/wp-json\/wp\/v2\/comments?post=4610"}],"version-history":[{"count":1,"href":"https:\/\/blogdoedvaldomagalhaes.com.br\/index.php\/wp-json\/wp\/v2\/posts\/4610\/revisions"}],"predecessor-version":[{"id":24401,"href":"https:\/\/blogdoedvaldomagalhaes.com.br\/index.php\/wp-json\/wp\/v2\/posts\/4610\/revisions\/24401"}],"wp:attachment":[{"href":"https:\/\/blogdoedvaldomagalhaes.com.br\/index.php\/wp-json\/wp\/v2\/media?parent=4610"}],"wp:term":[{"taxonomy":"category","embeddable":true,"href":"https:\/\/blogdoedvaldomagalhaes.com.br\/index.php\/wp-json\/wp\/v2\/categories?post=4610"},{"taxonomy":"post_tag","embeddable":true,"href":"https:\/\/blogdoedvaldomagalhaes.com.br\/index.php\/wp-json\/wp\/v2\/tags?post=4610"}],"curies":[{"name":"wp","href":"https:\/\/api.w.org\/{rel}","templated":true}]}}