{"id":461,"date":"2018-12-10T22:40:00","date_gmt":"2018-12-11T00:40:00","guid":{"rendered":"http:\/\/blogdoedvaldomagalhaes.com.br\/index.php\/2018\/12\/10\/gpa-retoma-as-cirurgias-de-castracao-de\/"},"modified":"2019-02-09T02:45:34","modified_gmt":"2019-02-09T04:45:34","slug":"gpa-retoma-as-cirurgias-de-castracao-de","status":"publish","type":"post","link":"https:\/\/blogdoedvaldomagalhaes.com.br\/index.php\/2018\/12\/10\/gpa-retoma-as-cirurgias-de-castracao-de\/","title":{"rendered":"GPA retoma as cirurgias de castra\u00e7\u00e3o de c\u00e3es e gatos"},"content":{"rendered":"<div class=\"separator\" style=\"clear: both; text-align: center;\">\n<a href=\"https:\/\/1.bp.blogspot.com\/-x5iGK4-0vRk\/XA7qcVEyj8I\/AAAAAAAA_lI\/C1wn0SASLk8bdRMRQonm2huGnoq_Ge7zACLcBGAs\/s1600\/IMG-20181210-WA0161.jpg\" imageanchor=\"1\" style=\"margin-left: 1em; margin-right: 1em;\"><img loading=\"lazy\" decoding=\"async\" border=\"0\" data-original-height=\"780\" data-original-width=\"1040\" height=\"480\" src=\"http:\/\/blogdoedvaldomagalhaes.com.br\/wp-content\/uploads\/2018\/12\/IMG-20181210-WA0161.jpg\" width=\"640\" \/><\/a><\/div>\n<p><\/p>\n<div style=\"text-align: justify;\">\nDuas cl\u00ednicas foram contratadas para parceria que prever, al\u00e9m de castra\u00e7\u00e3o, exames de raio-x e hemograma.<\/div>\n<div style=\"text-align: justify;\">\n<\/div>\n<div style=\"text-align: justify;\">\nAs cl\u00ednicas veterin\u00e1rias particulares, que participaram de um chamamento p\u00fablico, com a Prefeitura de Caruaru, assinaram na \u00faltima semana a ordem de servi\u00e7o celebrando o in\u00edcio dos trabalhos em parceria com a Ger\u00eancia de Prote\u00e7\u00e3o Animal (GPA).<\/div>\n<div style=\"text-align: justify;\">\n<\/div>\n<div style=\"text-align: justify;\">\nAl\u00e9m disso, pela primeira vez, a popula\u00e7\u00e3o inscrita em programas sociais ter\u00e3o direito \u00e0 hemogramas, consultas e raio-x para seus animais de estima\u00e7\u00e3o.<\/div>\n<div style=\"text-align: justify;\">\n<\/div>\n<div style=\"text-align: justify;\">\nA partir de hoje (10), a GPA volta com as cirurgias de castra\u00e7\u00e3o e outros exames, atrav\u00e9s de encaminhamentos para as cl\u00ednicas parceiras. As cirurgias de castra\u00e7\u00e3o j\u00e1 iniciaram com os animais que est\u00e3o abrigados na GPA e c\u00e3es e gatos que est\u00e3o em fila de espera.<\/div>\n<div style=\"text-align: justify;\">\n<\/div>\n<div style=\"text-align: justify;\">\nAinda essa semana, a Secretaria de Servi\u00e7os P\u00fablicos vai convocar protetores de animais para uma reuni\u00e3o, que tem como objetivo a cria\u00e7\u00e3o de uma comiss\u00e3o participativa com a ger\u00eancia.<\/div>\n<div style=\"text-align: justify;\">\nMais duas cl\u00ednicas est\u00e3o participando do processo de licita\u00e7\u00e3o, o que totalizar\u00e1 a parceria com quatro cl\u00ednicas veterin\u00e1rias e mais de 200 procedimentos (castra\u00e7\u00f5es, exames e consultas) por m\u00eas.<\/div>\n<div style=\"text-align: justify;\">\n<\/div>\n<div style=\"text-align: justify;\">\nInforma\u00e7\u00f5es: Tony Maciel\/Assessoria de imprensa.&nbsp;<\/div>\n","protected":false},"excerpt":{"rendered":"<p>Duas cl\u00ednicas foram contratadas para parceria que prever, al\u00e9m de castra\u00e7\u00e3o, exames de raio-x e hemograma. As cl\u00ednicas veterin\u00e1rias particulares,&hellip;<\/p>\n","protected":false},"author":1,"featured_media":0,"comment_status":"open","ping_status":"open","sticky":false,"template":"","format":"standard","meta":{"footnotes":""},"categories":[1],"tags":[2,365,6],"class_list":["post-461","post","type-post","status-publish","format-standard","hentry","category-sem-categoria","tag-blog-do-edvaldo-magalhaes","tag-gpa-retoma-as-cirurgias-de-castracao-de-caes-e-gatos","tag-noticias"],"_links":{"self":[{"href":"https:\/\/blogdoedvaldomagalhaes.com.br\/index.php\/wp-json\/wp\/v2\/posts\/461","targetHints":{"allow":["GET"]}}],"collection":[{"href":"https:\/\/blogdoedvaldomagalhaes.com.br\/index.php\/wp-json\/wp\/v2\/posts"}],"about":[{"href":"https:\/\/blogdoedvaldomagalhaes.com.br\/index.php\/wp-json\/wp\/v2\/types\/post"}],"author":[{"embeddable":true,"href":"https:\/\/blogdoedvaldomagalhaes.com.br\/index.php\/wp-json\/wp\/v2\/users\/1"}],"replies":[{"embeddable":true,"href":"https:\/\/blogdoedvaldomagalhaes.com.br\/index.php\/wp-json\/wp\/v2\/comments?post=461"}],"version-history":[{"count":1,"href":"https:\/\/blogdoedvaldomagalhaes.com.br\/index.php\/wp-json\/wp\/v2\/posts\/461\/revisions"}],"predecessor-version":[{"id":36719,"href":"https:\/\/blogdoedvaldomagalhaes.com.br\/index.php\/wp-json\/wp\/v2\/posts\/461\/revisions\/36719"}],"wp:attachment":[{"href":"https:\/\/blogdoedvaldomagalhaes.com.br\/index.php\/wp-json\/wp\/v2\/media?parent=461"}],"wp:term":[{"taxonomy":"category","embeddable":true,"href":"https:\/\/blogdoedvaldomagalhaes.com.br\/index.php\/wp-json\/wp\/v2\/categories?post=461"},{"taxonomy":"post_tag","embeddable":true,"href":"https:\/\/blogdoedvaldomagalhaes.com.br\/index.php\/wp-json\/wp\/v2\/tags?post=461"}],"curies":[{"name":"wp","href":"https:\/\/api.w.org\/{rel}","templated":true}]}}