{"id":4602,"date":"2017-09-21T10:49:00","date_gmt":"2017-09-21T13:49:00","guid":{"rendered":"http:\/\/blogdoedvaldomagalhaes.com.br\/index.php\/2017\/09\/21\/caruaru-317-reprovam-gestao-de-raque\/"},"modified":"2019-02-09T01:45:09","modified_gmt":"2019-02-09T03:45:09","slug":"caruaru-317-reprovam-gestao-de-raque","status":"publish","type":"post","link":"https:\/\/blogdoedvaldomagalhaes.com.br\/index.php\/2017\/09\/21\/caruaru-317-reprovam-gestao-de-raque\/","title":{"rendered":"Caruaru: 31,7% reprovam gest\u00e3o de Raquel Lyra"},"content":{"rendered":"<div class=\"separator\" style=\"clear: both; text-align: center;\">\n<a href=\"https:\/\/3.bp.blogspot.com\/-3g2d4DihUtI\/WcOZOXz6qMI\/AAAAAAAAfNY\/HkyKpHA3ga45gvjZDSLCZxKYuodP4kbzACLcBGAs\/s1600\/raqu%25C3%25A9.JPG\" imageanchor=\"1\" style=\"margin-left: 1em; margin-right: 1em;\"><img loading=\"lazy\" decoding=\"async\" border=\"0\" data-original-height=\"196\" data-original-width=\"400\" height=\"195\" src=\"http:\/\/blogdoedvaldomagalhaes.com.br\/wp-content\/uploads\/2017\/09\/raquC3A9-2.jpg\" width=\"400\" \/><\/a><\/div>\n<div class=\"MsoNormal\" style=\"background: white; line-height: 18.0pt; margin-bottom: 7.5pt; text-align: justify;\">\n<br \/>\n<b style=\"font-family: &quot;Times New Roman&quot;; font-size: medium;\">Do Blog do Magno Martins<\/b><\/div>\n<div class=\"MsoNormal\" style=\"background: white; line-height: 18.0pt; margin-bottom: 7.5pt; text-align: justify;\">\nPr\u00f3xima a completar um ano de mandato, a prefeita de Caruaru, Raquel<br \/>\nLyra (PSDB), tem uma desaprova\u00e7\u00e3o superior a aprova\u00e7\u00e3o. Os que consideram a sua<br \/>\ngest\u00e3o p\u00e9ssima e ruim chegam a 31,7%, enquanto os que avaliam como boa e \u00f3tima<br \/>\natingem 22.4%. Quando a pergunta \u00e9 mais direta, voc\u00ea aprova ou desaprova o<br \/>\nGoverno Municipal, a maioria tamb\u00e9m rejeita \u2013 45% a 40%. O levantamento \u00e9 do<br \/>\nInstituto Opini\u00e3o, de Campina Grande, e foi a campo entre os dias 16 e 17 deste<br \/>\nm\u00eas, sendo aplicados 600 question\u00e1rios.<\/div>\n<div class=\"MsoNormal\" style=\"background: white; line-height: 18.0pt; margin-bottom: 7.5pt; text-align: justify;\">\nOs que avaliam como regular chegam a 40,1% e apenas 5,8% n\u00e3o souberam<br \/>\nresponder. Os maiores percentuais de rejei\u00e7\u00e3o da tucana est\u00e3o entre os<br \/>\neleitores jovens, na faixa et\u00e1ria de 16 a 24 anos (50%), entre os eleitores com<br \/>\ngrau de instru\u00e7\u00e3o at\u00e9 o 5\u00ba ano (46,9%) e entre os eleitores com renda familiar<br \/>\nat\u00e9 dois sal\u00e1rios (47,6%). Por sexo, sua rejei\u00e7\u00e3o est\u00e1 mais concentrada entre<br \/>\nos homens \u2013 52,9% ente 39,8% das mulheres.<\/div>\n<div class=\"MsoNormal\" style=\"background: white; line-height: 18.0pt; margin-bottom: 7.5pt; text-align: justify;\">\nJ\u00e1 suas melhores taxas de aprova\u00e7\u00e3o se situam entre os eleitores com<br \/>\ngrau de instru\u00e7\u00e3o at\u00e9 a quarta s\u00e9rie (48,4%), entre os eleitores na faixa<br \/>\net\u00e1ria de 45 a 59 anos (42,4%) e entre os eleitores com renda familiar at\u00e9 dois<br \/>\nsal\u00e1rios (42%). Por sexo, sua maior aprova\u00e7\u00e3o aparece entre os eleitores<br \/>\nfemininos (44,2%) ante 36,1% dos eleitores masculinos. A reprova\u00e7\u00e3o da prefeita<br \/>\ntamb\u00e9m \u00e9 identificada entre os outros question\u00e1rios da pesquisa.<\/div>\n<div class=\"MsoNormal\" style=\"background: white; line-height: 18.0pt; margin-bottom: 7.5pt; text-align: justify;\">\nQuando o eleitor \u00e9 for\u00e7ado a responder se a cidade est\u00e1 andando para<br \/>\nfrente com a tucana no comando da Prefeitura, 48.7% afirmam que est\u00e1 parada e<br \/>\n19% andando para tr\u00e1s, enquanto apenas 27,5% acham que est\u00e1 andando para<br \/>\nfrente. Em outra pergunta b\u00e1sica \u2013 se a Prefeitura est\u00e1 atendendo e resolvendo<br \/>\nos problemas da cidade \u2013 38,9% disseram que n\u00e3o, 30,8% mais ou menos e apenas<br \/>\n25,5% disseram que sim.<\/div>\n<div class=\"MsoNormal\" style=\"background: white; line-height: 18.0pt; margin-bottom: 7.5pt; text-align: justify;\">\nEntre os problemas mais graves de Caruaru, os entrevistados citaram,<br \/>\npela ordem, seguran\u00e7a p\u00fablica (53,8%), sa\u00fade (16,3%), desemprego (9%) e falta<br \/>\nde \u00e1gua (6,8%). Para 26,6% dos entrevistados, a prefeita deveria focar mais sua<br \/>\ngest\u00e3o na seguran\u00e7a p\u00fablica e 16,8% apontaram a sa\u00fade. A pesquisa quis saber<br \/>\ntamb\u00e9m do grau de satisfa\u00e7\u00e3o dos caruaruenses em rela\u00e7\u00e3o a asfalto, cal\u00e7amento<br \/>\ne estradas. Para 23,5% s\u00e3o p\u00e9ssimos, 26% consideram ruim e apenas 16% bom.<\/div>\n<div class=\"MsoNormal\" style=\"background: white; line-height: 18.0pt; margin-bottom: 7.5pt; text-align: justify;\">\nQuanto \u00e0s a\u00e7\u00f5es ou projetos desenvolvidos pela prefeita na \u00e1rea de seguran\u00e7a<br \/>\np\u00fablica, 74,5% afirmaram que s\u00e3o p\u00e9ssimas e 16,3% ruim, enquanto apenas 2,2%<br \/>\nconsideram boa e 0,2% \u00f3tima. A ilumina\u00e7\u00e3o p\u00fablica \u00e9 considerada p\u00e9ssima para<br \/>\n20,7% e ruim para 18,3%, enquanto 31,4% a consideram boa. O tr\u00e2nsito tamb\u00e9m \u00e9<br \/>\noutro gargalo da gest\u00e3o: 22% o consideram p\u00e9ssimo e 20,5% ruim, enquanto apenas<br \/>\n18,8% acham bom. Em programas de gera\u00e7\u00e3o de emprego, a gest\u00e3o da tucana tamb\u00e9m<br \/>\ndeixa muita a desejar: 39.9% acham que as iniciativas s\u00e3o p\u00e9ssimas e 26,2%<br \/>\nruim, enquanto apenas 6,2% acham que ela est\u00e1 no caminho certo.<\/div>\n<div class=\"MsoNormal\" style=\"background: white; line-height: 18.0pt; margin-bottom: 7.5pt; text-align: justify;\">\nAs entrevistas foram realizadas nas localidades Agamenon Magalh\u00e3es, Alto<br \/>\ndo Moura, Boa Vista I e II, Cachoeira Seca, Caiuc\u00e1, Cedro, Centen\u00e1rio, Cidade<br \/>\nAlta, Cidade Jardim, Divin\u00f3polis, Indian\u00f3polis, Inocoop, Jardim Panorama, Ju\u00e1,<br \/>\nKennedy, Lajes, Maria Auxiliadora, Maur\u00edcio de Nassau, Monte Bom Jesus, Murici,<br \/>\nNossa Senhora das Dores, Nova Caruaru, Petr\u00f3polis, Rafael, Rendeiras, Salgado,<br \/>\nSanta Rosa, S\u00e3o Francisco, Terra Vermelha, Universit\u00e1rio, Vassoural e Vila<br \/>\nPadre In\u00e1cio.<\/div>\n<div class=\"MsoNormal\" style=\"background: white; line-height: 18.0pt; margin-bottom: 7.5pt; text-align: justify;\">\nA modalidade de pesquisa adotada envolveu a t\u00e9cnica de Survey, que<br \/>\nconsiste na aplica\u00e7\u00e3o de question\u00e1rios estruturados e padronizados a uma<br \/>\namostra representativa do universo de investiga\u00e7\u00e3o. Foram realizadas<br \/>\nentrevistas pessoais e domiciliares. O intervalo de confian\u00e7a estimado \u00e9 de<br \/>\n95,0% e a margem de erro m\u00e1xima estimada \u00e9 de 4,0 pontos percentuais para mais<br \/>\nou para menos sobre os resultados encontrados no total da amostra.<\/div>\n","protected":false},"excerpt":{"rendered":"<p>Do Blog do Magno Martins Pr\u00f3xima a completar um ano de mandato, a prefeita de Caruaru, Raquel Lyra (PSDB), tem&hellip;<\/p>\n","protected":false},"author":1,"featured_media":0,"comment_status":"open","ping_status":"open","sticky":false,"template":"","format":"standard","meta":{"footnotes":""},"categories":[1],"tags":[5768,2,5769,3114,20],"class_list":["post-4602","post","type-post","status-publish","format-standard","hentry","category-sem-categoria","tag-7-reprovam-gestao-de-raquel-lyra","tag-blog-do-edvaldo-magalhaes","tag-caruaru-31","tag-noticias-da-politica-de-caruaru","tag-politica"],"_links":{"self":[{"href":"https:\/\/blogdoedvaldomagalhaes.com.br\/index.php\/wp-json\/wp\/v2\/posts\/4602","targetHints":{"allow":["GET"]}}],"collection":[{"href":"https:\/\/blogdoedvaldomagalhaes.com.br\/index.php\/wp-json\/wp\/v2\/posts"}],"about":[{"href":"https:\/\/blogdoedvaldomagalhaes.com.br\/index.php\/wp-json\/wp\/v2\/types\/post"}],"author":[{"embeddable":true,"href":"https:\/\/blogdoedvaldomagalhaes.com.br\/index.php\/wp-json\/wp\/v2\/users\/1"}],"replies":[{"embeddable":true,"href":"https:\/\/blogdoedvaldomagalhaes.com.br\/index.php\/wp-json\/wp\/v2\/comments?post=4602"}],"version-history":[{"count":1,"href":"https:\/\/blogdoedvaldomagalhaes.com.br\/index.php\/wp-json\/wp\/v2\/posts\/4602\/revisions"}],"predecessor-version":[{"id":24425,"href":"https:\/\/blogdoedvaldomagalhaes.com.br\/index.php\/wp-json\/wp\/v2\/posts\/4602\/revisions\/24425"}],"wp:attachment":[{"href":"https:\/\/blogdoedvaldomagalhaes.com.br\/index.php\/wp-json\/wp\/v2\/media?parent=4602"}],"wp:term":[{"taxonomy":"category","embeddable":true,"href":"https:\/\/blogdoedvaldomagalhaes.com.br\/index.php\/wp-json\/wp\/v2\/categories?post=4602"},{"taxonomy":"post_tag","embeddable":true,"href":"https:\/\/blogdoedvaldomagalhaes.com.br\/index.php\/wp-json\/wp\/v2\/tags?post=4602"}],"curies":[{"name":"wp","href":"https:\/\/api.w.org\/{rel}","templated":true}]}}