{"id":460,"date":"2018-12-11T00:13:00","date_gmt":"2018-12-11T02:13:00","guid":{"rendered":"http:\/\/blogdoedvaldomagalhaes.com.br\/index.php\/2018\/12\/11\/acidente-com-vitimas-fatais-e-feridos\/"},"modified":"2019-02-09T02:45:36","modified_gmt":"2019-02-09T04:45:36","slug":"acidente-com-vitimas-fatais-e-feridos","status":"publish","type":"post","link":"https:\/\/blogdoedvaldomagalhaes.com.br\/index.php\/2018\/12\/11\/acidente-com-vitimas-fatais-e-feridos\/","title":{"rendered":"Acidente com v\u00edtimas fatais e feridos na BR-232"},"content":{"rendered":"<div class=\"separator\" style=\"clear: both; text-align: center;\">\n<a href=\"https:\/\/4.bp.blogspot.com\/-IfNStd_joPQ\/XA7_gGNf3RI\/AAAAAAAA_lQ\/5s1T2h6kOxcvpXVJPJVc92GXLz4B_3ydACLcBGAs\/s1600\/IMG-20181210-WA0236.jpg\" imageanchor=\"1\" style=\"margin-left: 1em; margin-right: 1em;\"><img loading=\"lazy\" decoding=\"async\" border=\"0\" data-original-height=\"720\" data-original-width=\"1280\" height=\"360\" src=\"http:\/\/blogdoedvaldomagalhaes.com.br\/wp-content\/uploads\/2018\/12\/IMG-20181210-WA0236.jpg\" width=\"640\" \/><\/a><\/div>\n<p><\/p>\n<div class=\"separator\" style=\"clear: both; text-align: center;\">\n<a href=\"https:\/\/2.bp.blogspot.com\/-BtaTFah37vU\/XA7_jiPoYvI\/AAAAAAAA_lU\/4G9d2hN_V0IlnAKITwPoNL8HhnuXXRk0QCLcBGAs\/s1600\/IMG-20181210-WA0235.jpg\" imageanchor=\"1\" style=\"margin-left: 1em; margin-right: 1em;\"><img loading=\"lazy\" decoding=\"async\" border=\"0\" data-original-height=\"960\" data-original-width=\"1280\" height=\"480\" src=\"http:\/\/blogdoedvaldomagalhaes.com.br\/wp-content\/uploads\/2018\/12\/IMG-20181210-WA0235.jpg\" width=\"640\" \/><\/a><\/div>\n<p><\/p>\n<div class=\"separator\" style=\"clear: both; text-align: center;\">\n<a href=\"https:\/\/2.bp.blogspot.com\/-zFxsFoi3pKs\/XA7_nUVCddI\/AAAAAAAA_lY\/R3_d0DUI5dMM65zhmBRgUaZ9lYVdSxroQCLcBGAs\/s1600\/IMG-20181210-WA0229.jpg\" imageanchor=\"1\" style=\"margin-left: 1em; margin-right: 1em;\"><img loading=\"lazy\" decoding=\"async\" border=\"0\" data-original-height=\"720\" data-original-width=\"1280\" height=\"360\" src=\"http:\/\/blogdoedvaldomagalhaes.com.br\/wp-content\/uploads\/2018\/12\/IMG-20181210-WA0229.jpg\" width=\"640\" \/><\/a><\/div>\n<p><\/p>\n<div class=\"separator\" style=\"clear: both; text-align: center;\">\n<a href=\"https:\/\/3.bp.blogspot.com\/-ePs4fzrDQ5M\/XA7_qNBYbTI\/AAAAAAAA_lc\/hrW9MHkXFrQ_s74z7h9TmeQGxICSU9xxACLcBGAs\/s1600\/IMG-20181210-WA0228.jpg\" imageanchor=\"1\" style=\"margin-left: 1em; margin-right: 1em;\"><img loading=\"lazy\" decoding=\"async\" border=\"0\" data-original-height=\"720\" data-original-width=\"1280\" height=\"360\" src=\"http:\/\/blogdoedvaldomagalhaes.com.br\/wp-content\/uploads\/2018\/12\/IMG-20181210-WA0228.jpg\" width=\"640\" \/><\/a><\/div>\n<p><\/p>\n<div style=\"text-align: justify;\">\nO acidente ocorreu na noite desta segunda-feira (10), no munic\u00edpio de Gravat\u00e1, no Agreste pernambucano, precisamente na BR 232, km 71,5. Houve a interdi\u00e7\u00e3o total no sentido decrescente (Gravat\u00e1\/Recife) sem previs\u00e3o de libera\u00e7\u00e3o, em virtude do acidente grave envolvendo um \u00f4nibus, um caminh\u00e3o e um carro passeio, com tr\u00eas v\u00edtimas fatais e mais de 20 pessoas feridas, que foram levadas para os hospitais de Pombos e Vit\u00f3ria de Santo Ant\u00e3o.&nbsp;<\/p>\n<p><\/p>\n<div class=\"separator\" style=\"clear: both; text-align: center;\">\n<a href=\"https:\/\/3.bp.blogspot.com\/-ipFvgIAtMU0\/XA8WzmH17II\/AAAAAAAA_lw\/W-mPsLCYJZ8Ml5oPunLBFCkVAnSHW6s1gCLcBGAs\/s1600\/IMG-20181210-WA0259.jpg\" imageanchor=\"1\" style=\"margin-left: 1em; margin-right: 1em;\"><img loading=\"lazy\" decoding=\"async\" border=\"0\" data-original-height=\"1040\" data-original-width=\"780\" height=\"640\" src=\"http:\/\/blogdoedvaldomagalhaes.com.br\/wp-content\/uploads\/2018\/12\/IMG-20181210-WA0259.jpg\" width=\"480\" \/><\/a><\/div>\n<p><\/p>\n<div class=\"separator\" style=\"clear: both; text-align: center;\">\n<a href=\"https:\/\/1.bp.blogspot.com\/-IkhUkxxHiNk\/XA8W2r0zxPI\/AAAAAAAA_l0\/IU7CyYpUEjwC8_YATHlva7uN1I0-Ud8TQCLcBGAs\/s1600\/IMG-20181210-WA0257.jpg\" imageanchor=\"1\" style=\"margin-left: 1em; margin-right: 1em;\"><img loading=\"lazy\" decoding=\"async\" border=\"0\" data-original-height=\"1040\" data-original-width=\"780\" height=\"640\" src=\"http:\/\/blogdoedvaldomagalhaes.com.br\/wp-content\/uploads\/2018\/12\/IMG-20181210-WA0257.jpg\" width=\"480\" \/><\/a><\/div>\n<p>\nPoliciais rodovi\u00e1rios federais est\u00e3o no local realizando levantamento e coleta de dados.&nbsp;De acordo com as primeiras informa\u00e7\u00f5es, o \u00f4nibus com sulanqueiros teria apresentado falha nos freios e batido no carro de passeio e no caminh\u00e3o. O motorista e uma mulher identificada como Let\u00edcia Ara\u00fajo&nbsp;foram arremessados do coletivo com o impacto e um jovem de aproximadamente 17 anos tamb\u00e9m teria morrido.&nbsp;<\/p>\n<div class=\"separator\" style=\"clear: both; text-align: center;\">\n<a href=\"https:\/\/3.bp.blogspot.com\/-PiVjai693uQ\/XA-RTWCwIzI\/AAAAAAAA_mA\/hKiAedNX9vAcXVsCxbdom0E8fowQG6wtgCLcBGAs\/s1600\/IMG-20181211-WA0012.jpg\" imageanchor=\"1\" style=\"margin-left: 1em; margin-right: 1em;\"><img loading=\"lazy\" decoding=\"async\" border=\"0\" data-original-height=\"540\" data-original-width=\"540\" height=\"320\" src=\"http:\/\/blogdoedvaldomagalhaes.com.br\/wp-content\/uploads\/2018\/12\/IMG-20181211-WA0012.jpg\" width=\"320\" \/><\/a><\/div>\n<div class=\"separator\" style=\"clear: both; text-align: center;\">\nLet\u00edcia Ara\u00fajo&nbsp;<\/div>\n<p><\/p>\n<p>Veja o v\u00eddeo abaixo:<\/p>\n<p><\/p>\n<div class=\"separator\" style=\"clear: both; text-align: center;\">\n<\/div>\n<p>\nContinue acessando o Blog, estamos atualizando as informa\u00e7\u00f5es.&nbsp;<\/p>\n<\/div>\n<div style=\"text-align: justify;\">\n<\/div>\n","protected":false},"excerpt":{"rendered":"<p>O acidente ocorreu na noite desta segunda-feira (10), no munic\u00edpio de Gravat\u00e1, no Agreste pernambucano, precisamente na BR 232, km&hellip;<\/p>\n","protected":false},"author":1,"featured_media":0,"comment_status":"open","ping_status":"open","sticky":false,"template":"","format":"standard","meta":{"footnotes":""},"categories":[1],"tags":[364,2,6],"class_list":["post-460","post","type-post","status-publish","format-standard","hentry","category-sem-categoria","tag-acidente-com-vitimas-fatais-e-feridos-na-br-232","tag-blog-do-edvaldo-magalhaes","tag-noticias"],"_links":{"self":[{"href":"https:\/\/blogdoedvaldomagalhaes.com.br\/index.php\/wp-json\/wp\/v2\/posts\/460","targetHints":{"allow":["GET"]}}],"collection":[{"href":"https:\/\/blogdoedvaldomagalhaes.com.br\/index.php\/wp-json\/wp\/v2\/posts"}],"about":[{"href":"https:\/\/blogdoedvaldomagalhaes.com.br\/index.php\/wp-json\/wp\/v2\/types\/post"}],"author":[{"embeddable":true,"href":"https:\/\/blogdoedvaldomagalhaes.com.br\/index.php\/wp-json\/wp\/v2\/users\/1"}],"replies":[{"embeddable":true,"href":"https:\/\/blogdoedvaldomagalhaes.com.br\/index.php\/wp-json\/wp\/v2\/comments?post=460"}],"version-history":[{"count":1,"href":"https:\/\/blogdoedvaldomagalhaes.com.br\/index.php\/wp-json\/wp\/v2\/posts\/460\/revisions"}],"predecessor-version":[{"id":36727,"href":"https:\/\/blogdoedvaldomagalhaes.com.br\/index.php\/wp-json\/wp\/v2\/posts\/460\/revisions\/36727"}],"wp:attachment":[{"href":"https:\/\/blogdoedvaldomagalhaes.com.br\/index.php\/wp-json\/wp\/v2\/media?parent=460"}],"wp:term":[{"taxonomy":"category","embeddable":true,"href":"https:\/\/blogdoedvaldomagalhaes.com.br\/index.php\/wp-json\/wp\/v2\/categories?post=460"},{"taxonomy":"post_tag","embeddable":true,"href":"https:\/\/blogdoedvaldomagalhaes.com.br\/index.php\/wp-json\/wp\/v2\/tags?post=460"}],"curies":[{"name":"wp","href":"https:\/\/api.w.org\/{rel}","templated":true}]}}