{"id":459,"date":"2018-12-11T10:51:00","date_gmt":"2018-12-11T12:51:00","guid":{"rendered":"http:\/\/blogdoedvaldomagalhaes.com.br\/index.php\/2018\/12\/11\/oab-caruaru-realiza-i-jornnada-de\/"},"modified":"2019-02-09T02:45:36","modified_gmt":"2019-02-09T04:45:36","slug":"oab-caruaru-realiza-i-jornnada-de","status":"publish","type":"post","link":"https:\/\/blogdoedvaldomagalhaes.com.br\/index.php\/2018\/12\/11\/oab-caruaru-realiza-i-jornnada-de\/","title":{"rendered":"OAB Caruaru realiza I Jornnada de Direito e Processo do Trabalho"},"content":{"rendered":"<div class=\"separator\" style=\"clear: both; text-align: center;\">\n<a href=\"https:\/\/4.bp.blogspot.com\/-gPRQJIbjmj4\/XA-V0ESP9oI\/AAAAAAAA_mI\/xsUreHYswNQ29j1RrrrBKZyUnbJ8RK9hwCLcBGAs\/s1600\/IMG-20181211-WA0039.jpg\" imageanchor=\"1\" style=\"margin-left: 1em; margin-right: 1em;\"><img loading=\"lazy\" decoding=\"async\" border=\"0\" data-original-height=\"1280\" data-original-width=\"1280\" height=\"640\" src=\"http:\/\/blogdoedvaldomagalhaes.com.br\/wp-content\/uploads\/2018\/12\/IMG-20181211-WA0039.jpg\" width=\"640\" \/><\/a><\/div>\n<p><\/p>\n<div style=\"text-align: justify;\">\nA cidade de Caruaru recebe nesta ter\u00e7a-feira (11) a I Jornada de Direito e Processo do Trabalho. A encontro \u00e9 da OAB Pernambuco e segue com o intuito de interiorizar as a\u00e7\u00f5es da atual gest\u00e3o da Ordem no Estado, sob o comando de Ronnie Duarte.&nbsp;<\/div>\n<p><\/p>\n<div style=\"text-align: justify;\">\n<\/div>\n<div style=\"text-align: justify;\">\nO evento acontece a partir de 14h no Audit\u00f3rio do Senac e ter\u00e1 palestras de D\u00e9bora Tito, Leandro Fernandez, M\u00e1rcia de Windsor, Mozar Borba, Renata Berenguer, S\u00e9rgio Torres e Silvia Nogueira. O investimento custa R$ 30 para estudantes, R$ 50 para advogados e R$ 40 para o p\u00fablico em geral.&nbsp;<\/div>\n<div style=\"text-align: justify;\">\n<\/div>\n<div style=\"text-align: justify;\">\nO presidente da Subse\u00e7\u00e3o de Caruaru, Felipe Sampaio, destaca que essa Jornada \u00e9 o encerramento das a\u00e7\u00f5es de uma gest\u00e3o voltada para os advogados das 15 cidades que fazem parte da OAB Caruaru. \u201cTivemos uma gest\u00e3o voltada para debater e valorizar as prerrogativas dos advogados e esse evento de hoje vai apenas coroar o que foi a OAB nesses quase tr\u00eas anos sob o nosso comando\u201d, disse.<\/div>\n<div style=\"text-align: justify;\">\n<\/div>\n<div style=\"text-align: justify;\">\nO mandato de Felipe Sampaio vai at\u00e9 o dia 31 de dezembro. No dia 1\u00ba de janeiro assume \u00e0 presid\u00eancia da Ordem em Caruaru, Fernando J\u00fanior, atual vice-presidente, que foi apoiado por Felipe e venceu a elei\u00e7\u00e3o com mais de 70% dos votos.<\/div>\n","protected":false},"excerpt":{"rendered":"<p>A cidade de Caruaru recebe nesta ter\u00e7a-feira (11) a I Jornada de Direito e Processo do Trabalho. A encontro \u00e9&hellip;<\/p>\n","protected":false},"author":1,"featured_media":0,"comment_status":"open","ping_status":"open","sticky":false,"template":"","format":"standard","meta":{"footnotes":""},"categories":[1],"tags":[2,6,363],"class_list":["post-459","post","type-post","status-publish","format-standard","hentry","category-sem-categoria","tag-blog-do-edvaldo-magalhaes","tag-noticias","tag-oab-caruaru-realiza-i-jornada-de-direito-e-processo-do-trabalho"],"_links":{"self":[{"href":"https:\/\/blogdoedvaldomagalhaes.com.br\/index.php\/wp-json\/wp\/v2\/posts\/459","targetHints":{"allow":["GET"]}}],"collection":[{"href":"https:\/\/blogdoedvaldomagalhaes.com.br\/index.php\/wp-json\/wp\/v2\/posts"}],"about":[{"href":"https:\/\/blogdoedvaldomagalhaes.com.br\/index.php\/wp-json\/wp\/v2\/types\/post"}],"author":[{"embeddable":true,"href":"https:\/\/blogdoedvaldomagalhaes.com.br\/index.php\/wp-json\/wp\/v2\/users\/1"}],"replies":[{"embeddable":true,"href":"https:\/\/blogdoedvaldomagalhaes.com.br\/index.php\/wp-json\/wp\/v2\/comments?post=459"}],"version-history":[{"count":1,"href":"https:\/\/blogdoedvaldomagalhaes.com.br\/index.php\/wp-json\/wp\/v2\/posts\/459\/revisions"}],"predecessor-version":[{"id":36729,"href":"https:\/\/blogdoedvaldomagalhaes.com.br\/index.php\/wp-json\/wp\/v2\/posts\/459\/revisions\/36729"}],"wp:attachment":[{"href":"https:\/\/blogdoedvaldomagalhaes.com.br\/index.php\/wp-json\/wp\/v2\/media?parent=459"}],"wp:term":[{"taxonomy":"category","embeddable":true,"href":"https:\/\/blogdoedvaldomagalhaes.com.br\/index.php\/wp-json\/wp\/v2\/categories?post=459"},{"taxonomy":"post_tag","embeddable":true,"href":"https:\/\/blogdoedvaldomagalhaes.com.br\/index.php\/wp-json\/wp\/v2\/tags?post=459"}],"curies":[{"name":"wp","href":"https:\/\/api.w.org\/{rel}","templated":true}]}}