{"id":4580,"date":"2017-09-22T23:40:00","date_gmt":"2017-09-23T02:40:00","guid":{"rendered":"http:\/\/blogdoedvaldomagalhaes.com.br\/index.php\/2017\/09\/22\/medicos-retiram-sedacao-e-jornalista\/"},"modified":"2019-02-09T01:45:28","modified_gmt":"2019-02-09T03:45:28","slug":"medicos-retiram-sedacao-e-jornalista","status":"publish","type":"post","link":"https:\/\/blogdoedvaldomagalhaes.com.br\/index.php\/2017\/09\/22\/medicos-retiram-sedacao-e-jornalista\/","title":{"rendered":"M\u00e9dicos retiram seda\u00e7\u00e3o e jornalista Alexandre Farias reage bem"},"content":{"rendered":"<div class=\"separator\" style=\"clear: both; text-align: center;\">\n<a href=\"https:\/\/1.bp.blogspot.com\/-pBiApW_yJ6g\/WcWfIoyUiYI\/AAAAAAAAfYw\/hdUIxF4Sm_MdvIc3jKXpG5Th5uhtxL-AgCLcBGAs\/s1600\/alexandre.jpg\" imageanchor=\"1\" style=\"margin-left: 1em; margin-right: 1em;\"><img loading=\"lazy\" decoding=\"async\" border=\"0\" data-original-height=\"887\" data-original-width=\"887\" height=\"400\" src=\"http:\/\/blogdoedvaldomagalhaes.com.br\/wp-content\/uploads\/2017\/09\/alexandre.jpg\" width=\"400\" \/><\/a><\/div>\n<div class=\"separator\" style=\"clear: both; text-align: center;\">\nFoto: Reprodu\u00e7\u00e3o\/Perfil Facebook de Alexandre Farias<\/div>\n<div class=\"MsoNormal\" style=\"text-align: justify;\">\n<\/div>\n<div class=\"MsoNormal\" style=\"text-align: justify;\">\nA equipe m\u00e9dica do Hospital<br \/>\nUnimed Caruaru concedeu entrevista coletiva de imprensa, na tarde desta<br \/>\nsexta-feira (22), sobre o estado de sa\u00fade do jornalista Alexandre Farias, da TV<br \/>\nAsa Branca. De acordo com os m\u00e9dicos, a seda\u00e7\u00e3o foi retirada e o paciente vem<br \/>\nevoluindo de forma lenta.<\/div>\n<div class=\"MsoNormal\" style=\"text-align: justify;\">\n<\/div>\n<div class=\"MsoNormal\" style=\"text-align: justify;\">\nO apresentador permanece na<br \/>\nUTI, o quadro \u00e9 grave, mas vem reagindo bem. Ele fez movimentos de est\u00edmulo. A<br \/>\npartir deste s\u00e1bado (23) ser\u00e1 divulgado apenas um boletim m\u00e9dico por dia, \u00e0s<br \/>\n17h.<\/div>\n<div class=\"MsoNormal\" style=\"text-align: justify;\">\n<\/div>\n<p><\/p>\n<div class=\"MsoNormal\" style=\"text-align: justify;\">\nAlexandre Farias foi<br \/>\natingido com uma bala perdida na noite de s\u00e1bado (16), no Alto do Moura,<br \/>\ndurante tiroteio entre bandidos e policiais.<\/div>\n","protected":false},"excerpt":{"rendered":"<p>Foto: Reprodu\u00e7\u00e3o\/Perfil Facebook de Alexandre Farias A equipe m\u00e9dica do Hospital Unimed Caruaru concedeu entrevista coletiva de imprensa, na tarde&hellip;<\/p>\n","protected":false},"author":1,"featured_media":0,"comment_status":"open","ping_status":"open","sticky":false,"template":"","format":"standard","meta":{"footnotes":""},"categories":[1],"tags":[3293,2,4416,5734,6,1950,3451],"class_list":["post-4580","post","type-post","status-publish","format-standard","hentry","category-sem-categoria","tag-alto-do-moura","tag-blog-do-edvaldo-magalhaes","tag-hospital-unimed","tag-medicos-retiram-sedacao-e-jornalista-alexandre-farias-reage-bem","tag-noticias","tag-noticias-de-caruaru","tag-uti"],"_links":{"self":[{"href":"https:\/\/blogdoedvaldomagalhaes.com.br\/index.php\/wp-json\/wp\/v2\/posts\/4580","targetHints":{"allow":["GET"]}}],"collection":[{"href":"https:\/\/blogdoedvaldomagalhaes.com.br\/index.php\/wp-json\/wp\/v2\/posts"}],"about":[{"href":"https:\/\/blogdoedvaldomagalhaes.com.br\/index.php\/wp-json\/wp\/v2\/types\/post"}],"author":[{"embeddable":true,"href":"https:\/\/blogdoedvaldomagalhaes.com.br\/index.php\/wp-json\/wp\/v2\/users\/1"}],"replies":[{"embeddable":true,"href":"https:\/\/blogdoedvaldomagalhaes.com.br\/index.php\/wp-json\/wp\/v2\/comments?post=4580"}],"version-history":[{"count":1,"href":"https:\/\/blogdoedvaldomagalhaes.com.br\/index.php\/wp-json\/wp\/v2\/posts\/4580\/revisions"}],"predecessor-version":[{"id":24498,"href":"https:\/\/blogdoedvaldomagalhaes.com.br\/index.php\/wp-json\/wp\/v2\/posts\/4580\/revisions\/24498"}],"wp:attachment":[{"href":"https:\/\/blogdoedvaldomagalhaes.com.br\/index.php\/wp-json\/wp\/v2\/media?parent=4580"}],"wp:term":[{"taxonomy":"category","embeddable":true,"href":"https:\/\/blogdoedvaldomagalhaes.com.br\/index.php\/wp-json\/wp\/v2\/categories?post=4580"},{"taxonomy":"post_tag","embeddable":true,"href":"https:\/\/blogdoedvaldomagalhaes.com.br\/index.php\/wp-json\/wp\/v2\/tags?post=4580"}],"curies":[{"name":"wp","href":"https:\/\/api.w.org\/{rel}","templated":true}]}}