{"id":458,"date":"2018-12-11T14:15:00","date_gmt":"2018-12-11T16:15:00","guid":{"rendered":"http:\/\/blogdoedvaldomagalhaes.com.br\/index.php\/2018\/12\/11\/parada-de-48h-dos-tecnicos-e-auxiliares\/"},"modified":"2019-02-09T02:45:41","modified_gmt":"2019-02-09T04:45:41","slug":"parada-de-48h-dos-tecnicos-e-auxiliares","status":"publish","type":"post","link":"https:\/\/blogdoedvaldomagalhaes.com.br\/index.php\/2018\/12\/11\/parada-de-48h-dos-tecnicos-e-auxiliares\/","title":{"rendered":"Parada de 48h dos T\u00e9cnicos e Auxiliares de Enfermagem de Caruaru e Secretaria de Sa\u00fade emite nota"},"content":{"rendered":"<div class=\"separator\" style=\"clear: both; text-align: center;\">\n<a href=\"https:\/\/2.bp.blogspot.com\/-9tboFU2wEVA\/XA_FhYwc07I\/AAAAAAAA_mk\/-nX79tu8lcgG8rl4vzi56NIrWlFSHCWfgCLcBGAs\/s1600\/IMG-20181211-WA0055.jpg\" imageanchor=\"1\" style=\"margin-left: 1em; margin-right: 1em;\"><img loading=\"lazy\" decoding=\"async\" border=\"0\" data-original-height=\"720\" data-original-width=\"1280\" height=\"360\" src=\"http:\/\/blogdoedvaldomagalhaes.com.br\/wp-content\/uploads\/2018\/12\/IMG-20181211-WA0055.jpg\" width=\"640\" \/><\/a><\/div>\n<div class=\"separator\" style=\"clear: both; text-align: center;\">\nFoto: Divulga\u00e7\u00e3o&nbsp;<\/div>\n<p>\nOs T\u00e9cnicos e Auxiliares de Enfermagem de Caruaru, realizam uma parada de 48h no munic\u00edpio.<\/p>\n<div style=\"text-align: justify;\">\nNota sobre paralisa\u00e7\u00e3o dos auxiliares e t\u00e9cnicos de enfermagem<\/div>\n<div style=\"text-align: justify;\">\n<\/div>\n<div style=\"text-align: justify;\">\nA Secretaria de Sa\u00fade de Caruaru informa que foi realizada, ontem, uma mesa de negocia\u00e7\u00e3o com o Sindicato Profissional de Auxiliares e T\u00e9cnicos de Enfermagem de Pernambuco (Satempe) e a secret\u00e1ria de Sa\u00fade, Ana Maria Albuquerque; a gerente de Gest\u00e3o do Trabalho e Educa\u00e7\u00e3o em Sa\u00fade, Patr\u00edcia Coutinho; o secret\u00e1rio da Fazenda, Diogo Bezerra; e o secret\u00e1rio de Administra\u00e7\u00e3o, Henrique Oliveira.<\/div>\n<div style=\"text-align: justify;\">\n<\/div>\n<div style=\"text-align: justify;\">\nNa ocasi\u00e3o, o Secret\u00e1rio da Fazenda do munic\u00edpio explicou que a Prefeitura de Caruaru est\u00e1 no limite prudencial da lei de responsabilidade fiscal e n\u00e3o \u00e9 poss\u00edvel nenhum tipo de aumento para nenhum servidor este ano.<\/div>\n","protected":false},"excerpt":{"rendered":"<p>Foto: Divulga\u00e7\u00e3o&nbsp; Os T\u00e9cnicos e Auxiliares de Enfermagem de Caruaru, realizam uma parada de 48h no munic\u00edpio. Nota sobre paralisa\u00e7\u00e3o&hellip;<\/p>\n","protected":false},"author":1,"featured_media":0,"comment_status":"open","ping_status":"open","sticky":false,"template":"","format":"standard","meta":{"footnotes":""},"categories":[1],"tags":[2,6],"class_list":["post-458","post","type-post","status-publish","format-standard","hentry","category-sem-categoria","tag-blog-do-edvaldo-magalhaes","tag-noticias"],"_links":{"self":[{"href":"https:\/\/blogdoedvaldomagalhaes.com.br\/index.php\/wp-json\/wp\/v2\/posts\/458","targetHints":{"allow":["GET"]}}],"collection":[{"href":"https:\/\/blogdoedvaldomagalhaes.com.br\/index.php\/wp-json\/wp\/v2\/posts"}],"about":[{"href":"https:\/\/blogdoedvaldomagalhaes.com.br\/index.php\/wp-json\/wp\/v2\/types\/post"}],"author":[{"embeddable":true,"href":"https:\/\/blogdoedvaldomagalhaes.com.br\/index.php\/wp-json\/wp\/v2\/users\/1"}],"replies":[{"embeddable":true,"href":"https:\/\/blogdoedvaldomagalhaes.com.br\/index.php\/wp-json\/wp\/v2\/comments?post=458"}],"version-history":[{"count":1,"href":"https:\/\/blogdoedvaldomagalhaes.com.br\/index.php\/wp-json\/wp\/v2\/posts\/458\/revisions"}],"predecessor-version":[{"id":36731,"href":"https:\/\/blogdoedvaldomagalhaes.com.br\/index.php\/wp-json\/wp\/v2\/posts\/458\/revisions\/36731"}],"wp:attachment":[{"href":"https:\/\/blogdoedvaldomagalhaes.com.br\/index.php\/wp-json\/wp\/v2\/media?parent=458"}],"wp:term":[{"taxonomy":"category","embeddable":true,"href":"https:\/\/blogdoedvaldomagalhaes.com.br\/index.php\/wp-json\/wp\/v2\/categories?post=458"},{"taxonomy":"post_tag","embeddable":true,"href":"https:\/\/blogdoedvaldomagalhaes.com.br\/index.php\/wp-json\/wp\/v2\/tags?post=458"}],"curies":[{"name":"wp","href":"https:\/\/api.w.org\/{rel}","templated":true}]}}