{"id":4571,"date":"2017-09-24T22:16:00","date_gmt":"2017-09-25T01:16:00","guid":{"rendered":"http:\/\/blogdoedvaldomagalhaes.com.br\/index.php\/2017\/09\/24\/comecou-reforma-no-antigo-palladium-e\/"},"modified":"2019-02-09T01:45:35","modified_gmt":"2019-02-09T03:45:35","slug":"comecou-reforma-no-antigo-palladium-e","status":"publish","type":"post","link":"https:\/\/blogdoedvaldomagalhaes.com.br\/index.php\/2017\/09\/24\/comecou-reforma-no-antigo-palladium-e\/","title":{"rendered":"Come\u00e7ou a reforma no antigo Palladium e em breve nova casa de shows em Caruaru"},"content":{"rendered":"<div class=\"separator\" style=\"clear: both; text-align: center;\">\n<a href=\"https:\/\/2.bp.blogspot.com\/-9Wu8upDEByg\/Wcgt6jSL6_I\/AAAAAAAAfbc\/MT4j9b-J-_0DY_3619QdvL5PWc68JDw1ACLcBGAs\/s1600\/01.jpg\" imageanchor=\"1\" style=\"margin-left: 1em; margin-right: 1em;\"><img loading=\"lazy\" decoding=\"async\" border=\"0\" data-original-height=\"1024\" data-original-width=\"768\" height=\"400\" src=\"http:\/\/blogdoedvaldomagalhaes.com.br\/wp-content\/uploads\/2017\/09\/01-15.jpg\" width=\"296\" \/><\/a><\/div>\n<div class=\"MsoNormal\" style=\"text-align: justify;\">\n<\/div>\n<div class=\"MsoNormal\" style=\"text-align: justify;\">\nEm breve, a Capital do Forr\u00f3<br \/>\nganhar\u00e1 uma nova casa de shows: Arena Caruaru. As reformas no antigo Palladium<br \/>\nj\u00e1 come\u00e7aram.<\/div>\n<div class=\"MsoNormal\" style=\"text-align: justify;\">\n<\/div>\n<div class=\"separator\" style=\"clear: both; text-align: center;\">\n<a href=\"https:\/\/4.bp.blogspot.com\/-aavbnsu1Dtw\/Wcgt-5xpeAI\/AAAAAAAAfbg\/tfThN4n9pAsWcu9a7jVySq7WcpGJEvlWwCLcBGAs\/s1600\/02.jpg\" imageanchor=\"1\" style=\"margin-left: 1em; margin-right: 1em;\"><img loading=\"lazy\" decoding=\"async\" border=\"0\" data-original-height=\"1024\" data-original-width=\"768\" height=\"400\" src=\"http:\/\/blogdoedvaldomagalhaes.com.br\/wp-content\/uploads\/2017\/09\/02-15.jpg\" width=\"296\" \/><\/a><\/div>\n<div class=\"separator\" style=\"clear: both; text-align: center;\">\n<\/div>\n<p><\/p>\n<div class=\"MsoNormal\" style=\"text-align: justify;\">\nO nome foi escolhido durante<br \/>\numa promo\u00e7\u00e3o realizada pela R\u00e1dio Liberdade. Foi sorteado um iPhone 7. Os<br \/>\nempres\u00e1rios Luz Gonzaga e S\u00e9rgio Murilo prometem muitas novidades na nova casa<br \/>\nde shows.<\/div>\n<div class=\"MsoNormal\" style=\"text-align: justify;\">\n<\/div>\n<div class=\"separator\" style=\"clear: both; text-align: center;\">\n<a href=\"https:\/\/1.bp.blogspot.com\/-zMWdQkKLXno\/WcguCqQq45I\/AAAAAAAAfbk\/lNjLiiyhbnEwsb5DY-4rWMaIx-hhDvjXACLcBGAs\/s1600\/03.jpg\" imageanchor=\"1\" style=\"margin-left: 1em; margin-right: 1em;\"><img loading=\"lazy\" decoding=\"async\" border=\"0\" data-original-height=\"1024\" data-original-width=\"768\" height=\"320\" src=\"http:\/\/blogdoedvaldomagalhaes.com.br\/wp-content\/uploads\/2017\/09\/03-12.jpg\" width=\"237\" \/><\/a><\/div>\n<p><\/p>\n<div class=\"MsoNormal\" style=\"text-align: justify;\">\nO primeiro evento ser\u00e1<br \/>\nrealizado em dezembro, um pr\u00e9-r\u00e9veillon com Tayrone, Solange Almeida e Henrique<br \/>\n&amp; Juliano. Haver\u00e1 tr\u00eas ambientes distintos: arena, front stage e open bar.<br \/>\nAl\u00e9m disso, os camarotes ser\u00e3o mais confort\u00e1veis, com climatiza\u00e7\u00e3o e freezer.<\/div>\n","protected":false},"excerpt":{"rendered":"<p>Em breve, a Capital do Forr\u00f3 ganhar\u00e1 uma nova casa de shows: Arena Caruaru. As reformas no antigo Palladium j\u00e1&hellip;<\/p>\n","protected":false},"author":1,"featured_media":0,"comment_status":"open","ping_status":"open","sticky":false,"template":"","format":"standard","meta":{"footnotes":""},"categories":[1],"tags":[2,5723,4306,5724,6,4308,4309,4310],"class_list":["post-4571","post","type-post","status-publish","format-standard","hentry","category-sem-categoria","tag-blog-do-edvaldo-magalhaes","tag-comecou-a-reforma-no-antigo-palladium-e-em-breve-nova-casa-de-shows-em-caruaru","tag-henrique-e-juliano","tag-luiz-gonzaga","tag-noticias","tag-sergio-murilo","tag-solange-almeida","tag-tayrone"],"_links":{"self":[{"href":"https:\/\/blogdoedvaldomagalhaes.com.br\/index.php\/wp-json\/wp\/v2\/posts\/4571","targetHints":{"allow":["GET"]}}],"collection":[{"href":"https:\/\/blogdoedvaldomagalhaes.com.br\/index.php\/wp-json\/wp\/v2\/posts"}],"about":[{"href":"https:\/\/blogdoedvaldomagalhaes.com.br\/index.php\/wp-json\/wp\/v2\/types\/post"}],"author":[{"embeddable":true,"href":"https:\/\/blogdoedvaldomagalhaes.com.br\/index.php\/wp-json\/wp\/v2\/users\/1"}],"replies":[{"embeddable":true,"href":"https:\/\/blogdoedvaldomagalhaes.com.br\/index.php\/wp-json\/wp\/v2\/comments?post=4571"}],"version-history":[{"count":1,"href":"https:\/\/blogdoedvaldomagalhaes.com.br\/index.php\/wp-json\/wp\/v2\/posts\/4571\/revisions"}],"predecessor-version":[{"id":24518,"href":"https:\/\/blogdoedvaldomagalhaes.com.br\/index.php\/wp-json\/wp\/v2\/posts\/4571\/revisions\/24518"}],"wp:attachment":[{"href":"https:\/\/blogdoedvaldomagalhaes.com.br\/index.php\/wp-json\/wp\/v2\/media?parent=4571"}],"wp:term":[{"taxonomy":"category","embeddable":true,"href":"https:\/\/blogdoedvaldomagalhaes.com.br\/index.php\/wp-json\/wp\/v2\/categories?post=4571"},{"taxonomy":"post_tag","embeddable":true,"href":"https:\/\/blogdoedvaldomagalhaes.com.br\/index.php\/wp-json\/wp\/v2\/tags?post=4571"}],"curies":[{"name":"wp","href":"https:\/\/api.w.org\/{rel}","templated":true}]}}