{"id":457,"date":"2018-12-11T16:45:00","date_gmt":"2018-12-11T18:45:00","guid":{"rendered":"http:\/\/blogdoedvaldomagalhaes.com.br\/index.php\/2018\/12\/11\/formatura-dos-alunos-de-letramento-e\/"},"modified":"2019-02-09T02:45:43","modified_gmt":"2019-02-09T04:45:43","slug":"formatura-dos-alunos-de-letramento-e","status":"publish","type":"post","link":"https:\/\/blogdoedvaldomagalhaes.com.br\/index.php\/2018\/12\/11\/formatura-dos-alunos-de-letramento-e\/","title":{"rendered":"Formatura dos alunos de Letramento em Caruaru ser\u00e1 nesta sexta (14)"},"content":{"rendered":"<div class=\"separator\" style=\"clear: both; text-align: center;\">\n<a href=\"https:\/\/3.bp.blogspot.com\/-sgKCdulVFWY\/XA_n1k79kZI\/AAAAAAAA_mw\/kOea9stBdnsr9zkjrx361Yuqzv8G3cSowCLcBGAs\/s1600\/IMG-20181211-WA0138.jpg\" imageanchor=\"1\" style=\"margin-left: 1em; margin-right: 1em;\"><img loading=\"lazy\" decoding=\"async\" border=\"0\" data-original-height=\"838\" data-original-width=\"1280\" height=\"418\" src=\"http:\/\/blogdoedvaldomagalhaes.com.br\/wp-content\/uploads\/2018\/12\/IMG-20181211-WA0138.jpg\" width=\"640\" \/><\/a><\/div>\n<div class=\"separator\" style=\"clear: both; text-align: center;\">\nFotos: Arnaldo F\u00e9lix\/Divulga\u00e7\u00e3o&nbsp;<\/div>\n<p>\nA cerim\u00f4nia de conclus\u00e3o do 1\u00ba m\u00f3dulo de Letramento em Programa\u00e7\u00e3o de alunos da rede municipal de Caruaru ser\u00e1 realizada nesta sexta-feira (14). Chamado de \u201cTech Oscar\u201d, o momento encerra as atividades desenvolvidas durante o ano letivo. O evento contar\u00e1 ainda com uma feira, onde estudantes apresentar\u00e3o os projetos e receber\u00e3o medalhas.<\/p>\n<p>Na ocasi\u00e3o, tamb\u00e9m ir\u00e3o participar a prefeita de Caruaru, Raquel Lyra; o presidente do Instituto Ayrton Senna, Mozart Ramos; e o diretor da Universidade Federal de Pernambuco (UFPE), An\u00edsio Brasileiro. Eles assinar\u00e3o formalmente o conv\u00eanio entre as tr\u00eas institui\u00e7\u00f5es. O projeto \u00e9 desenvolvido em parceria com a prefeitura municipal, atrav\u00e9s da Secretaria de Educa\u00e7\u00e3o e o N\u00facleo de Tecnologia da UFPE em Caruaru.<\/p>\n<p>No munic\u00edpio s\u00e3o atendidas cerca de 200 crian\u00e7as das Escolas de Tempo Integral. A iniciativa tem como objetivo contribuir com a Educa\u00e7\u00e3o Integral, desenvolvendo o pensamento computacional por meio de pr\u00e1ticas de programa\u00e7\u00e3o de computadores. Al\u00e9m disso, o letramento busca desenvolver habilidades essenciais para o s\u00e9culo XXI, como por exemplo, a criatividade, colabora\u00e7\u00e3o, o racioc\u00ednio l\u00f3gico e a comunica\u00e7\u00e3o, tendo o aluno como protagonista nesse processo.<\/p>\n<p>Haver\u00e1 ainda a palestra \u201cNovos cen\u00e1rios de aprendizagem para um mundo em transforma\u00e7\u00e3o digital\u201d, proferida pelo professor Luciano Meira. A formatura ser\u00e1 no Centro de Conven\u00e7\u00f5es do Senac, a partir das 8h30.<\/p>\n<p>Informa\u00e7\u00f5es: Paula Cavalcante\/Assessora de imprensa.<\/p>\n","protected":false},"excerpt":{"rendered":"<p>Fotos: Arnaldo F\u00e9lix\/Divulga\u00e7\u00e3o&nbsp; A cerim\u00f4nia de conclus\u00e3o do 1\u00ba m\u00f3dulo de Letramento em Programa\u00e7\u00e3o de alunos da rede municipal de&hellip;<\/p>\n","protected":false},"author":1,"featured_media":0,"comment_status":"open","ping_status":"open","sticky":false,"template":"","format":"standard","meta":{"footnotes":""},"categories":[1],"tags":[2,6],"class_list":["post-457","post","type-post","status-publish","format-standard","hentry","category-sem-categoria","tag-blog-do-edvaldo-magalhaes","tag-noticias"],"_links":{"self":[{"href":"https:\/\/blogdoedvaldomagalhaes.com.br\/index.php\/wp-json\/wp\/v2\/posts\/457","targetHints":{"allow":["GET"]}}],"collection":[{"href":"https:\/\/blogdoedvaldomagalhaes.com.br\/index.php\/wp-json\/wp\/v2\/posts"}],"about":[{"href":"https:\/\/blogdoedvaldomagalhaes.com.br\/index.php\/wp-json\/wp\/v2\/types\/post"}],"author":[{"embeddable":true,"href":"https:\/\/blogdoedvaldomagalhaes.com.br\/index.php\/wp-json\/wp\/v2\/users\/1"}],"replies":[{"embeddable":true,"href":"https:\/\/blogdoedvaldomagalhaes.com.br\/index.php\/wp-json\/wp\/v2\/comments?post=457"}],"version-history":[{"count":1,"href":"https:\/\/blogdoedvaldomagalhaes.com.br\/index.php\/wp-json\/wp\/v2\/posts\/457\/revisions"}],"predecessor-version":[{"id":36733,"href":"https:\/\/blogdoedvaldomagalhaes.com.br\/index.php\/wp-json\/wp\/v2\/posts\/457\/revisions\/36733"}],"wp:attachment":[{"href":"https:\/\/blogdoedvaldomagalhaes.com.br\/index.php\/wp-json\/wp\/v2\/media?parent=457"}],"wp:term":[{"taxonomy":"category","embeddable":true,"href":"https:\/\/blogdoedvaldomagalhaes.com.br\/index.php\/wp-json\/wp\/v2\/categories?post=457"},{"taxonomy":"post_tag","embeddable":true,"href":"https:\/\/blogdoedvaldomagalhaes.com.br\/index.php\/wp-json\/wp\/v2\/tags?post=457"}],"curies":[{"name":"wp","href":"https:\/\/api.w.org\/{rel}","templated":true}]}}