{"id":456,"date":"2018-12-11T17:36:00","date_gmt":"2018-12-11T19:36:00","guid":{"rendered":"http:\/\/blogdoedvaldomagalhaes.com.br\/index.php\/2018\/12\/11\/caruaru-participa-do-7-congresso\/"},"modified":"2019-02-09T02:45:44","modified_gmt":"2019-02-09T04:45:44","slug":"caruaru-participa-do-7-congresso","status":"publish","type":"post","link":"https:\/\/blogdoedvaldomagalhaes.com.br\/index.php\/2018\/12\/11\/caruaru-participa-do-7-congresso\/","title":{"rendered":"Caruaru participa do 7\u00b0 Congresso Nacional dos Conselhos Tutelares em Goi\u00e1s"},"content":{"rendered":"<div class=\"separator\" style=\"clear: both; text-align: justify;\">\n<a href=\"https:\/\/1.bp.blogspot.com\/-hCaa78sv0e8\/XA_0vNNRuOI\/AAAAAAAA_m8\/L9YFET79CGkjUyBBNwsE2Q-5nu6ItpxcgCLcBGAs\/s1600\/IMG-20181211-WA0153.jpg\" imageanchor=\"1\" style=\"margin-left: 1em; margin-right: 1em;\"><img loading=\"lazy\" decoding=\"async\" border=\"0\" data-original-height=\"502\" data-original-width=\"1032\" height=\"310\" src=\"http:\/\/blogdoedvaldomagalhaes.com.br\/wp-content\/uploads\/2018\/12\/IMG-20181211-WA0153.jpg\" width=\"640\" \/><\/a><\/div>\n<p><\/p>\n<div class=\"separator\" style=\"clear: both; text-align: center;\">\n<a href=\"https:\/\/4.bp.blogspot.com\/-Fl_PMCU-UGw\/XA_0zrJqb6I\/AAAAAAAA_nA\/bxRvAc7_w94f2XmO4n9EZJ59Bsx0nm2GwCLcBGAs\/s1600\/IMG-20181211-WA0146.jpg\" imageanchor=\"1\" style=\"margin-left: 1em; margin-right: 1em;\"><img loading=\"lazy\" decoding=\"async\" border=\"0\" data-original-height=\"869\" data-original-width=\"1158\" height=\"480\" src=\"http:\/\/blogdoedvaldomagalhaes.com.br\/wp-content\/uploads\/2018\/12\/IMG-20181211-WA0146.jpg\" width=\"640\" \/><\/a><\/div>\n<p><\/p>\n<div class=\"separator\" style=\"clear: both; text-align: center;\">\n<a href=\"https:\/\/1.bp.blogspot.com\/-RwuqCkDxvt0\/XA_06X1jaHI\/AAAAAAAA_nE\/9qNR8rgMPOg8KyqeR4r6GvXL_ZWSG5-ZQCLcBGAs\/s1600\/IMG-20181211-WA0152.jpg\" imageanchor=\"1\" style=\"margin-left: 1em; margin-right: 1em;\"><img loading=\"lazy\" decoding=\"async\" border=\"0\" data-original-height=\"1158\" data-original-width=\"869\" height=\"640\" src=\"http:\/\/blogdoedvaldomagalhaes.com.br\/wp-content\/uploads\/2018\/12\/IMG-20181211-WA0152.jpg\" width=\"480\" \/><\/a><\/div>\n<div class=\"separator\" style=\"clear: both; text-align: center;\">\n<\/div>\n<div class=\"x_MsoNormal\" style=\"background-color: white; box-sizing: border-box; color: #222222; line-height: 26px; margin-bottom: 26px; text-align: justify;\">\nO Munic\u00edpio de Caruaru est\u00e1 representado o estado de Pernambuco, no VII Congresso Nacional de Conselheiros Tutelares, que est\u00e1 sendo realizado de 09 a 12 de dezembro em Luzi\u00e2nia (GO). Jos\u00e9 Felipe, conselheiro tutelar, e Adriene Marciel, est\u00e3o reunidos com conselheiros de todo o pa\u00eds.<\/div>\n<div class=\"x_MsoNormal\" style=\"background-color: white; box-sizing: border-box; color: #222222; line-height: 26px; margin-bottom: 26px; text-align: justify;\">\nO principal tema em discuss\u00e3o no evento, \u00e9 o fortalecimento dos conselhos tutelares na implementa\u00e7\u00e3o do sistema de garantia de direitos para crian\u00e7a e adolescentes. Entre os problemas enfrentados dentro dos conselhos tutelares est\u00e3o a explora\u00e7\u00e3o do trabalho infantil, viol\u00eancia sexual, abandono, infrequ\u00eancia escolar e falta de pol\u00edticas p\u00fablicas nos munic\u00edpios. Durante o Congresso tamb\u00e9m ser\u00e3o oferecidos cursos e palestras de capacita\u00e7\u00e3o aos participantes.<\/div>\n<div class=\"x_MsoNormal\" style=\"background-color: white; box-sizing: border-box; color: #222222; line-height: 26px; margin-bottom: 26px; text-align: justify;\">\n<\/div>\n","protected":false},"excerpt":{"rendered":"<p>O Munic\u00edpio de Caruaru est\u00e1 representado o estado de Pernambuco, no VII Congresso Nacional de Conselheiros Tutelares, que est\u00e1 sendo&hellip;<\/p>\n","protected":false},"author":1,"featured_media":0,"comment_status":"open","ping_status":"open","sticky":false,"template":"","format":"standard","meta":{"footnotes":""},"categories":[1],"tags":[2,362,6],"class_list":["post-456","post","type-post","status-publish","format-standard","hentry","category-sem-categoria","tag-blog-do-edvaldo-magalhaes","tag-caruaru-participa-do-7-congresso-nacional-dos-conselhos-tutelares-em-goias","tag-noticias"],"_links":{"self":[{"href":"https:\/\/blogdoedvaldomagalhaes.com.br\/index.php\/wp-json\/wp\/v2\/posts\/456","targetHints":{"allow":["GET"]}}],"collection":[{"href":"https:\/\/blogdoedvaldomagalhaes.com.br\/index.php\/wp-json\/wp\/v2\/posts"}],"about":[{"href":"https:\/\/blogdoedvaldomagalhaes.com.br\/index.php\/wp-json\/wp\/v2\/types\/post"}],"author":[{"embeddable":true,"href":"https:\/\/blogdoedvaldomagalhaes.com.br\/index.php\/wp-json\/wp\/v2\/users\/1"}],"replies":[{"embeddable":true,"href":"https:\/\/blogdoedvaldomagalhaes.com.br\/index.php\/wp-json\/wp\/v2\/comments?post=456"}],"version-history":[{"count":1,"href":"https:\/\/blogdoedvaldomagalhaes.com.br\/index.php\/wp-json\/wp\/v2\/posts\/456\/revisions"}],"predecessor-version":[{"id":36737,"href":"https:\/\/blogdoedvaldomagalhaes.com.br\/index.php\/wp-json\/wp\/v2\/posts\/456\/revisions\/36737"}],"wp:attachment":[{"href":"https:\/\/blogdoedvaldomagalhaes.com.br\/index.php\/wp-json\/wp\/v2\/media?parent=456"}],"wp:term":[{"taxonomy":"category","embeddable":true,"href":"https:\/\/blogdoedvaldomagalhaes.com.br\/index.php\/wp-json\/wp\/v2\/categories?post=456"},{"taxonomy":"post_tag","embeddable":true,"href":"https:\/\/blogdoedvaldomagalhaes.com.br\/index.php\/wp-json\/wp\/v2\/tags?post=456"}],"curies":[{"name":"wp","href":"https:\/\/api.w.org\/{rel}","templated":true}]}}