{"id":4559,"date":"2017-09-25T18:00:00","date_gmt":"2017-09-25T21:00:00","guid":{"rendered":"http:\/\/blogdoedvaldomagalhaes.com.br\/index.php\/2017\/09\/25\/artigo-caruaru-quer-gestao\/"},"modified":"2019-02-09T01:45:42","modified_gmt":"2019-02-09T03:45:42","slug":"artigo-caruaru-quer-gestao","status":"publish","type":"post","link":"https:\/\/blogdoedvaldomagalhaes.com.br\/index.php\/2017\/09\/25\/artigo-caruaru-quer-gestao\/","title":{"rendered":"Artigo: Caruaru quer gest\u00e3o!"},"content":{"rendered":"<div class=\"separator\" style=\"clear: both; text-align: center;\">\n<a href=\"https:\/\/4.bp.blogspot.com\/-RXVeZ8YbVxk\/WclEGY52D_I\/AAAAAAAAffU\/uUPQz4mDijEDg5ymaWLp88ramxOaiDW-ACLcBGAs\/s1600\/tony.jpg\" imageanchor=\"1\" style=\"margin-left: 1em; margin-right: 1em;\"><img loading=\"lazy\" decoding=\"async\" border=\"0\" data-original-height=\"853\" data-original-width=\"1280\" height=\"266\" src=\"http:\/\/blogdoedvaldomagalhaes.com.br\/wp-content\/uploads\/2017\/09\/tony-3.jpg\" width=\"400\" \/><\/a><\/div>\n<div class=\"MsoNormal\" style=\"text-align: justify;\">\n<\/div>\n<div class=\"MsoNormal\" style=\"text-align: justify;\">\nPor Tony Gel*<\/div>\n<div class=\"MsoNormal\" style=\"text-align: justify;\">\n<\/div>\n<div class=\"MsoNormal\" style=\"text-align: justify;\">\n\u00c9 lament\u00e1vel que a prefeita<br \/>\nRaquel Lyra tente tirar proveito da trag\u00e9dia que vitimou o jornalista Alexandre<br \/>\nFarias, atingido por uma bala disparada por bandidos que estavam sendo<br \/>\nperseguidos pela honrada Policia Militar de Pernambuco, na noite do s\u00e1bado (16).<\/div>\n<div class=\"MsoNormal\" style=\"text-align: justify;\">\n<\/div>\n<div class=\"MsoNormal\" style=\"text-align: justify;\">\nEnquanto a prefeita busca<br \/>\ngerar factoides, sem nenhum resultado concreto, o governador Paulo C\u00e2mara, no<br \/>\ncomando das for\u00e7as policiais de Pernambuco, conseguiu prender os elementos<br \/>\nenvolvidos na persegui\u00e7\u00e3o que resultou na trag\u00e9dia envolvendo Alexandre Farias.<br \/>\nQuatro bandidos foram presos e um foi morto em conflito com policiais. \u00c9 isso<br \/>\nque a popula\u00e7\u00e3o de Caruaru espera dos seus governantes: a\u00e7\u00e3o, trabalho e<br \/>\nresultado.<\/div>\n<div class=\"MsoNormal\" style=\"text-align: justify;\">\n<\/div>\n<div class=\"MsoNormal\" style=\"text-align: justify;\">\nDesde o primeiro momento em<br \/>\nque foi informado do que ocorreu em Caruaru, na noite do \u00faltimo s\u00e1bado, o<br \/>\ngovernador Paulo C\u00e2mara determinou que o pr\u00f3prio Secret\u00e1rio de Defesa Social,<br \/>\nAnt\u00f4nio de P\u00e1dua, ficasse \u00e0 frente do caso. Durante o domingo, o governador<br \/>\nliderou reuni\u00e3o no Pal\u00e1cio do Campo das Princesas, onde tra\u00e7ou das a\u00e7\u00f5es que<br \/>\nlevaram hoje \u00e0 pris\u00e3o dos criminosos.<\/div>\n<div class=\"MsoNormal\" style=\"text-align: justify;\">\n<\/div>\n<div class=\"MsoNormal\" style=\"text-align: justify;\">\nA Pol\u00edcia Civil atuou com<br \/>\nnove equipes, totalizando 55 policiais civis, sendo 01 equipe operacional, 01<br \/>\nequipe do DENARC e 07 equipes para instru\u00e7\u00e3o e elucida\u00e7\u00e3o de autoria dos crimes<br \/>\ndo s\u00e1bado passado em Caruaru.<\/div>\n<div class=\"MsoNormal\" style=\"text-align: justify;\">\n<\/div>\n<div class=\"MsoNormal\" style=\"text-align: justify;\">\nA Pol\u00edcia Militar participou<br \/>\nda opera\u00e7\u00e3o com 60 homens, os quais est\u00e3o se revezando, apoiando a Pol\u00edcia<br \/>\nCivil e demais for\u00e7as, bem como realizando abordagens.<\/div>\n<div class=\"MsoNormal\" style=\"text-align: justify;\">\n<\/div>\n<div class=\"MsoNormal\" style=\"text-align: justify;\">\nA opera\u00e7\u00e3o contou, ainda,<br \/>\ncom o Grupamento T\u00e1tico A\u00e9reo (GTA), que realizou rondas ostensivas no espa\u00e7o<br \/>\na\u00e9reo da cidade, e apoiou as dilig\u00eancias das operativas.<\/div>\n<div class=\"MsoNormal\" style=\"text-align: justify;\">\n<\/div>\n<div class=\"MsoNormal\" style=\"text-align: justify;\">\nTodos esses bravos policiais<br \/>\npernambucanos, sob o comando do governador Paulo C\u00e2mara, do secret\u00e1rio P\u00e1dua e<br \/>\ndos comandantes das pol\u00edcias, est\u00e3o de parab\u00e9ns. Responderam \u00e0 altura o<br \/>\nchamamento do povo de Caruaru.<\/div>\n<div class=\"MsoNormal\" style=\"text-align: justify;\">\n<\/div>\n<div class=\"MsoNormal\" style=\"text-align: justify;\">\nO que a atual gestora da<br \/>\nPrefeitura de Caruaru tem feito para ajudar o Governo do Estado no<br \/>\nenfrentamento dessa epidemia nacional da criminalidade? S\u00f3 agora, perto de<br \/>\ncompletar 10 meses de Governo, a prefeita diz que vai anunciar um \u201cplano de seguran\u00e7a\u201d.<\/div>\n<div class=\"MsoNormal\" style=\"text-align: justify;\">\n<\/div>\n<div class=\"MsoNormal\" style=\"text-align: justify;\">\nJ\u00e1 passou da hora da<br \/>\nprefeita dizer a que veio. Isso ainda n\u00e3o ocorreu. Esta \u00e9 a verdade. N\u00e3o d\u00e1<br \/>\nmais para esconder as defici\u00eancias da gest\u00e3o da Prefeitura de Caruaru,<br \/>\nespecialmente quando omite suas responsabilidades e tenta procurar inimigos<br \/>\nexternos para esconder suas pr\u00f3prias defici\u00eancias.<\/div>\n<div class=\"MsoNormal\" style=\"text-align: justify;\">\n<\/div>\n<p><\/p>\n<div class=\"MsoNormal\" style=\"text-align: justify;\">\n*Deputado estadual pelo PMDB<\/div>\n","protected":false},"excerpt":{"rendered":"<p>Por Tony Gel* \u00c9 lament\u00e1vel que a prefeita Raquel Lyra tente tirar proveito da trag\u00e9dia que vitimou o jornalista Alexandre&hellip;<\/p>\n","protected":false},"author":1,"featured_media":0,"comment_status":"open","ping_status":"open","sticky":false,"template":"","format":"standard","meta":{"footnotes":""},"categories":[1],"tags":[5706,2,3114,20,1229,995],"class_list":["post-4559","post","type-post","status-publish","format-standard","hentry","category-sem-categoria","tag-artigo-caruaru-quer-gestao","tag-blog-do-edvaldo-magalhaes","tag-noticias-da-politica-de-caruaru","tag-politica","tag-raquel-lyra","tag-tony-gel"],"_links":{"self":[{"href":"https:\/\/blogdoedvaldomagalhaes.com.br\/index.php\/wp-json\/wp\/v2\/posts\/4559","targetHints":{"allow":["GET"]}}],"collection":[{"href":"https:\/\/blogdoedvaldomagalhaes.com.br\/index.php\/wp-json\/wp\/v2\/posts"}],"about":[{"href":"https:\/\/blogdoedvaldomagalhaes.com.br\/index.php\/wp-json\/wp\/v2\/types\/post"}],"author":[{"embeddable":true,"href":"https:\/\/blogdoedvaldomagalhaes.com.br\/index.php\/wp-json\/wp\/v2\/users\/1"}],"replies":[{"embeddable":true,"href":"https:\/\/blogdoedvaldomagalhaes.com.br\/index.php\/wp-json\/wp\/v2\/comments?post=4559"}],"version-history":[{"count":1,"href":"https:\/\/blogdoedvaldomagalhaes.com.br\/index.php\/wp-json\/wp\/v2\/posts\/4559\/revisions"}],"predecessor-version":[{"id":24547,"href":"https:\/\/blogdoedvaldomagalhaes.com.br\/index.php\/wp-json\/wp\/v2\/posts\/4559\/revisions\/24547"}],"wp:attachment":[{"href":"https:\/\/blogdoedvaldomagalhaes.com.br\/index.php\/wp-json\/wp\/v2\/media?parent=4559"}],"wp:term":[{"taxonomy":"category","embeddable":true,"href":"https:\/\/blogdoedvaldomagalhaes.com.br\/index.php\/wp-json\/wp\/v2\/categories?post=4559"},{"taxonomy":"post_tag","embeddable":true,"href":"https:\/\/blogdoedvaldomagalhaes.com.br\/index.php\/wp-json\/wp\/v2\/tags?post=4559"}],"curies":[{"name":"wp","href":"https:\/\/api.w.org\/{rel}","templated":true}]}}