{"id":45531,"date":"2019-08-22T08:09:04","date_gmt":"2019-08-22T11:09:04","guid":{"rendered":"http:\/\/blogdoedvaldomagalhaes.com.br\/?p=45531"},"modified":"2019-08-22T12:22:09","modified_gmt":"2019-08-22T15:22:09","slug":"procon-caruaru-vai-inaugurar-nucleo-de-inclusao-digital","status":"publish","type":"post","link":"https:\/\/blogdoedvaldomagalhaes.com.br\/index.php\/2019\/08\/22\/procon-caruaru-vai-inaugurar-nucleo-de-inclusao-digital\/","title":{"rendered":"Procon Caruaru vai inaugurar N\u00facleo de Inclus\u00e3o Digital"},"content":{"rendered":"<p style=\"text-align: justify;\"><span style=\"font-size: inherit;\">Nesta sexta-feira (23), \u00e0s 12h, o PROCON Caruaru vai lan\u00e7ar um novo espa\u00e7o para atendimento aos consumidores de Caruaru e regi\u00e3o, o N\u00facleo de Inclus\u00e3o Digital.<\/span><\/p>\n<p style=\"text-align: justify;\">O espa\u00e7o tem como principal objetivo tornar acess\u00edvel, ao grande p\u00fablico, meios digitais de resolu\u00e7\u00e3o de conflitos, em especial, a possibilidade de utiliza\u00e7\u00e3o da plataforma consumidor.gov.br, que funciona como uma unidade de PROCON virtual e que poder\u00e1 auxiliar no atendimento do consumidor que procurar os servi\u00e7os do PROCON Caruaru.<\/p>\n<p>Por R\u00f3bson Nielson\/Assessor de Imprensa.<\/p>\n","protected":false},"excerpt":{"rendered":"<p>Nesta sexta-feira (23), \u00e0s 12h, o PROCON Caruaru vai lan\u00e7ar um novo espa\u00e7o para atendimento aos consumidores de Caruaru e&hellip;<\/p>\n","protected":false},"author":1,"featured_media":45532,"comment_status":"closed","ping_status":"open","sticky":false,"template":"","format":"standard","meta":{"footnotes":""},"categories":[14120],"tags":[2,2479,15877],"class_list":["post-45531","post","type-post","status-publish","format-standard","has-post-thumbnail","hentry","category-noticias","tag-blog-do-edvaldo-magalhaes","tag-nyverson-moura","tag-procon-caruaru-vai-inaugurar-nucleo-de-inclusao-digital"],"_links":{"self":[{"href":"https:\/\/blogdoedvaldomagalhaes.com.br\/index.php\/wp-json\/wp\/v2\/posts\/45531","targetHints":{"allow":["GET"]}}],"collection":[{"href":"https:\/\/blogdoedvaldomagalhaes.com.br\/index.php\/wp-json\/wp\/v2\/posts"}],"about":[{"href":"https:\/\/blogdoedvaldomagalhaes.com.br\/index.php\/wp-json\/wp\/v2\/types\/post"}],"author":[{"embeddable":true,"href":"https:\/\/blogdoedvaldomagalhaes.com.br\/index.php\/wp-json\/wp\/v2\/users\/1"}],"replies":[{"embeddable":true,"href":"https:\/\/blogdoedvaldomagalhaes.com.br\/index.php\/wp-json\/wp\/v2\/comments?post=45531"}],"version-history":[{"count":2,"href":"https:\/\/blogdoedvaldomagalhaes.com.br\/index.php\/wp-json\/wp\/v2\/posts\/45531\/revisions"}],"predecessor-version":[{"id":45537,"href":"https:\/\/blogdoedvaldomagalhaes.com.br\/index.php\/wp-json\/wp\/v2\/posts\/45531\/revisions\/45537"}],"wp:featuredmedia":[{"embeddable":true,"href":"https:\/\/blogdoedvaldomagalhaes.com.br\/index.php\/wp-json\/wp\/v2\/media\/45532"}],"wp:attachment":[{"href":"https:\/\/blogdoedvaldomagalhaes.com.br\/index.php\/wp-json\/wp\/v2\/media?parent=45531"}],"wp:term":[{"taxonomy":"category","embeddable":true,"href":"https:\/\/blogdoedvaldomagalhaes.com.br\/index.php\/wp-json\/wp\/v2\/categories?post=45531"},{"taxonomy":"post_tag","embeddable":true,"href":"https:\/\/blogdoedvaldomagalhaes.com.br\/index.php\/wp-json\/wp\/v2\/tags?post=45531"}],"curies":[{"name":"wp","href":"https:\/\/api.w.org\/{rel}","templated":true}]}}