{"id":45526,"date":"2019-08-21T21:20:37","date_gmt":"2019-08-22T00:20:37","guid":{"rendered":"http:\/\/blogdoedvaldomagalhaes.com.br\/?p=45526"},"modified":"2019-08-21T21:20:42","modified_gmt":"2019-08-22T00:20:42","slug":"veja-as-novidades-da-4a-feira-nacional-do-livro-do-agreste-em-caruaru","status":"publish","type":"post","link":"https:\/\/blogdoedvaldomagalhaes.com.br\/index.php\/2019\/08\/21\/veja-as-novidades-da-4a-feira-nacional-do-livro-do-agreste-em-caruaru\/","title":{"rendered":"Veja as novidades da 4\u00aa Feira Nacional do Livro do Agreste em Caruaru"},"content":{"rendered":"<p style=\"text-align: justify;\"><span style=\"font-size: inherit;\">Uma das novidades desta edi\u00e7\u00e3o \u00e9 um espa\u00e7o para escritores caruaruenses lan\u00e7arem seus livros gratuitamente_<\/span><\/p>\n<p style=\"text-align: justify;\">A prefeita Raquel Lyra lan\u00e7ou, nesta quarta-feira (21), a programa\u00e7\u00e3o da quarta edi\u00e7\u00e3o da Feira Nacional do Livro do Agreste (Fenagreste), que ser\u00e1 realizada entre os dias 4 e 8 de setembro, no Espa\u00e7o Cultural Tancredo Neves, em Caruaru. O an\u00fancio aconteceu durante uma coletiva de imprensa que contou com a presen\u00e7a do presidente da Companhia Editora de Pernambuco (Cepe), Ricardo Leit\u00e3o; do representante da Andelivros, Afonso Carvalho, do ex-governador Jo\u00e3o Lyra Neto, al\u00e9m dos secret\u00e1rios municipais e imprensa em geral.<\/p>\n<p style=\"text-align: justify;\">Com o tema Palavra: do impresso ao digital, a feira liter\u00e1ria contar\u00e1 com a participa\u00e7\u00e3o de 50 editoras e distribuidoras de livros, num espa\u00e7o de cinco mil metros quadrados. A 4\u00aa Fenagreste homenagear\u00e1 o advogado e ex-ministro Fernando Lyra (in memoriam); e Sebasti\u00e3o Alves Cordeiro, o Mestre Seb\u00e1, nome reconhecido na cultura popular e no teatro de mamulengos.<br \/><br \/>Durante a coletiva, Raquel Lyra assegurou, por mais um ano, o b\u00f4nus de R$ 300 para que professores e t\u00e9cnicos em educa\u00e7\u00e3o adquiram livros da feira. \u201c\u00c9 um investimento de R$ 850 mil para que nossos educadores da rede p\u00fablica municipal tenham condi\u00e7\u00f5es de comprar livros, que servir\u00e3o para aperfei\u00e7oar o conhecimento deles e melhorar o desempenho nas salas de aulas\u201d, destacou.<\/p>\n<p style=\"text-align: justify;\">Outra novidade, destacada pela prefeita, \u00e9 que os escritores caruaruenses ter\u00e3o a oportunidade de lan\u00e7arem seus t\u00edtulos gratuitamente em um espa\u00e7o exclusivo da Prefeitura de Caruaru. \u201cNossa cidade tem uma representatividade expressiva no tocante a literatura nacional, portanto, durante a feira liter\u00e1ria, que j\u00e1 \u00e9 o maior evento do interior de Pernambuco, os nossos escritores ter\u00e3o espa\u00e7o garantido para mostrarem os seus trabalhos\u201d, anunciou Raquel.<\/p>\n<p style=\"text-align: justify;\">Ricardo Leit\u00e3o destacou o envolvimento da popula\u00e7\u00e3o de Caruaru com a Fenagreste, estimando uma expectativa de p\u00fablico de 20 mil pessoas por dia. \u201cEstamos trazendo como tema principal da feira a evolu\u00e7\u00e3o da palavra, do impresso ao digital. A programa\u00e7\u00e3o proposta dialoga com essa tem\u00e1tica trazendo quest\u00f5es como o letramento liter\u00e1rio em ambiente digital e como vem se dando a alfabetiza\u00e7\u00e3o com o apoio dos meios digitais, entre outros aspectos\u201d, ressaltou.<br \/><br \/>A programa\u00e7\u00e3o \u00e9 gratuita e incluir\u00e1 palestras com autores de renome nacional, rodas de leituras, oficinas, workshops, capacita\u00e7\u00e3o para professores e lan\u00e7amentos. As atra\u00e7\u00f5es art\u00edsticas ficar\u00e3o por conta de nomes como Maestro Spok, que inclusive estar\u00e1 lan\u00e7ando seu primeiro livro de poesias; Maciel Melo e Josildo S\u00e1.<\/p>\n\n\n<figure class=\"wp-block-image\"><img loading=\"lazy\" decoding=\"async\" width=\"1024\" height=\"683\" src=\"http:\/\/blogdoedvaldomagalhaes.com.br\/wp-content\/uploads\/2019\/08\/IMG-20190821-WA0151-1024x683.jpg\" alt=\"\" class=\"wp-image-45528\" srcset=\"https:\/\/blogdoedvaldomagalhaes.com.br\/wp-content\/uploads\/2019\/08\/IMG-20190821-WA0151.jpg 1024w, https:\/\/blogdoedvaldomagalhaes.com.br\/wp-content\/uploads\/2019\/08\/IMG-20190821-WA0151-300x200.jpg 300w, https:\/\/blogdoedvaldomagalhaes.com.br\/wp-content\/uploads\/2019\/08\/IMG-20190821-WA0151-768x512.jpg 768w\" sizes=\"auto, (max-width: 1024px) 100vw, 1024px\" \/><\/figure>\n\n\n\n<figure class=\"wp-block-image\"><img loading=\"lazy\" decoding=\"async\" width=\"1024\" height=\"683\" src=\"http:\/\/blogdoedvaldomagalhaes.com.br\/wp-content\/uploads\/2019\/08\/IMG-20190821-WA0154-1024x683.jpg\" alt=\"\" class=\"wp-image-45529\" srcset=\"https:\/\/blogdoedvaldomagalhaes.com.br\/wp-content\/uploads\/2019\/08\/IMG-20190821-WA0154.jpg 1024w, https:\/\/blogdoedvaldomagalhaes.com.br\/wp-content\/uploads\/2019\/08\/IMG-20190821-WA0154-300x200.jpg 300w, https:\/\/blogdoedvaldomagalhaes.com.br\/wp-content\/uploads\/2019\/08\/IMG-20190821-WA0154-768x512.jpg 768w\" sizes=\"auto, (max-width: 1024px) 100vw, 1024px\" \/><figcaption>Fotos: Arnaldo F\u00e9lix<\/figcaption><\/figure>\n","protected":false},"excerpt":{"rendered":"<p>Uma das novidades desta edi\u00e7\u00e3o \u00e9 um espa\u00e7o para escritores caruaruenses lan\u00e7arem seus livros gratuitamente_ A prefeita Raquel Lyra lan\u00e7ou,&hellip;<\/p>\n","protected":false},"author":1,"featured_media":45527,"comment_status":"closed","ping_status":"open","sticky":false,"template":"","format":"standard","meta":{"footnotes":""},"categories":[14120],"tags":[2,5218,2567,1229,15876,15875],"class_list":["post-45526","post","type-post","status-publish","format-standard","has-post-thumbnail","hentry","category-noticias","tag-blog-do-edvaldo-magalhaes","tag-espaco-cultural-tancredo-neves","tag-joao-lyra-neto","tag-raquel-lyra","tag-ricardo-leitao","tag-veja-as-novidades-da-4a-feira-nacional-do-livro-do-agreste-em-caruaru"],"_links":{"self":[{"href":"https:\/\/blogdoedvaldomagalhaes.com.br\/index.php\/wp-json\/wp\/v2\/posts\/45526","targetHints":{"allow":["GET"]}}],"collection":[{"href":"https:\/\/blogdoedvaldomagalhaes.com.br\/index.php\/wp-json\/wp\/v2\/posts"}],"about":[{"href":"https:\/\/blogdoedvaldomagalhaes.com.br\/index.php\/wp-json\/wp\/v2\/types\/post"}],"author":[{"embeddable":true,"href":"https:\/\/blogdoedvaldomagalhaes.com.br\/index.php\/wp-json\/wp\/v2\/users\/1"}],"replies":[{"embeddable":true,"href":"https:\/\/blogdoedvaldomagalhaes.com.br\/index.php\/wp-json\/wp\/v2\/comments?post=45526"}],"version-history":[{"count":1,"href":"https:\/\/blogdoedvaldomagalhaes.com.br\/index.php\/wp-json\/wp\/v2\/posts\/45526\/revisions"}],"predecessor-version":[{"id":45530,"href":"https:\/\/blogdoedvaldomagalhaes.com.br\/index.php\/wp-json\/wp\/v2\/posts\/45526\/revisions\/45530"}],"wp:featuredmedia":[{"embeddable":true,"href":"https:\/\/blogdoedvaldomagalhaes.com.br\/index.php\/wp-json\/wp\/v2\/media\/45527"}],"wp:attachment":[{"href":"https:\/\/blogdoedvaldomagalhaes.com.br\/index.php\/wp-json\/wp\/v2\/media?parent=45526"}],"wp:term":[{"taxonomy":"category","embeddable":true,"href":"https:\/\/blogdoedvaldomagalhaes.com.br\/index.php\/wp-json\/wp\/v2\/categories?post=45526"},{"taxonomy":"post_tag","embeddable":true,"href":"https:\/\/blogdoedvaldomagalhaes.com.br\/index.php\/wp-json\/wp\/v2\/tags?post=45526"}],"curies":[{"name":"wp","href":"https:\/\/api.w.org\/{rel}","templated":true}]}}