{"id":4551,"date":"2017-09-26T10:51:00","date_gmt":"2017-09-26T13:51:00","guid":{"rendered":"http:\/\/blogdoedvaldomagalhaes.com.br\/index.php\/2017\/09\/26\/movimento-polo-caruaru-recebera\/"},"modified":"2019-02-09T01:45:47","modified_gmt":"2019-02-09T03:45:47","slug":"movimento-polo-caruaru-recebera","status":"publish","type":"post","link":"https:\/\/blogdoedvaldomagalhaes.com.br\/index.php\/2017\/09\/26\/movimento-polo-caruaru-recebera\/","title":{"rendered":"Movimento Polo Caruaru receber\u00e1 secret\u00e1rio da SDS para discutir seguran\u00e7a"},"content":{"rendered":"<div class=\"separator\" style=\"clear: both; text-align: center;\">\n<a href=\"https:\/\/3.bp.blogspot.com\/-P7buAwHl528\/WcoxDpsgzhI\/AAAAAAAAfh0\/aNatkHl-g7kz2c6RzpyqzCD_LwBdBC4FwCLcBGAs\/s1600\/sds.jpeg\" imageanchor=\"1\" style=\"margin-left: 1em; margin-right: 1em;\"><img loading=\"lazy\" decoding=\"async\" border=\"0\" data-original-height=\"511\" data-original-width=\"1000\" height=\"203\" src=\"http:\/\/blogdoedvaldomagalhaes.com.br\/wp-content\/uploads\/2017\/09\/sds.jpeg\" width=\"400\" \/><\/a><\/div>\n<div style=\"background: white; line-height: 18.0pt; margin-bottom: 7.5pt; margin-left: 0cm; margin-right: 0cm; margin-top: 0cm; text-align: justify;\">\n<\/div>\n<div style=\"background: white; line-height: 18.0pt; margin-bottom: 7.5pt; margin-left: 0cm; margin-right: 0cm; margin-top: 0cm; text-align: justify;\">\nO presidente do Movimento<br \/>\nPolo Caruaru (MPC), Manoel Santos, e o primeiro-secret\u00e1rio, Silvio Nascimento,<br \/>\nestiveram reunidos com governador de Pernambuco, Paulo C\u00e2mara, e o secret\u00e1rio<br \/>\nestadual de Defesa Social, Ant\u00f4nio de P\u00e1dua, na noite desta segunda-feira (25).<br \/>\nO encontro foi promovido pelo secret\u00e1rio estadual da Casa Civil, Ant\u00f4nio<br \/>\nFigueira.<\/div>\n<div style=\"background: white; box-sizing: border-box; line-height: 18pt; margin: 0cm 0cm 7.5pt; text-align: justify;\">\nA pauta discutida foi a quest\u00e3o da seguran\u00e7a que preocupa a<br \/>\npopula\u00e7\u00e3o de Caruaru e da regi\u00e3o. Na oportunidade, o secret\u00e1rio de Defesa<br \/>\nSocial foi convidado para apresentar \u00e0 sociedade de Caruaru a\u00e7\u00f5es do governo do<br \/>\nEstado que reduzam a viol\u00eancia.<\/div>\n<p><\/p>\n<div style=\"background: white; box-sizing: border-box; line-height: 18pt; margin: 0cm 0cm 7.5pt; text-align: justify;\">\nO governador Paulo C\u00e2mara sugeriu que outros secret\u00e1rios tamb\u00e9m<br \/>\npudessem discutir com as entidades participantes do MPC as quest\u00f5es<br \/>\nrelacionadas aos anseios da sociedade civil organizada de Caruaru.&nbsp;O<br \/>\nencontro do MPC com os secret\u00e1rios estaduais deve ocorrer nos pr\u00f3ximos dias.<\/div>\n","protected":false},"excerpt":{"rendered":"<p>O presidente do Movimento Polo Caruaru (MPC), Manoel Santos, e o primeiro-secret\u00e1rio, Silvio Nascimento, estiveram reunidos com governador de Pernambuco,&hellip;<\/p>\n","protected":false},"author":1,"featured_media":0,"comment_status":"open","ping_status":"open","sticky":false,"template":"","format":"standard","meta":{"footnotes":""},"categories":[1],"tags":[2,2824,5695,6,999,5696],"class_list":["post-4551","post","type-post","status-publish","format-standard","hentry","category-sem-categoria","tag-blog-do-edvaldo-magalhaes","tag-manoel-santos","tag-movimento-polo-caruaru-recebera-secretario-da-sds-para-discutir-seguranca","tag-noticias","tag-paulo-camara","tag-silvio-nascimento"],"_links":{"self":[{"href":"https:\/\/blogdoedvaldomagalhaes.com.br\/index.php\/wp-json\/wp\/v2\/posts\/4551","targetHints":{"allow":["GET"]}}],"collection":[{"href":"https:\/\/blogdoedvaldomagalhaes.com.br\/index.php\/wp-json\/wp\/v2\/posts"}],"about":[{"href":"https:\/\/blogdoedvaldomagalhaes.com.br\/index.php\/wp-json\/wp\/v2\/types\/post"}],"author":[{"embeddable":true,"href":"https:\/\/blogdoedvaldomagalhaes.com.br\/index.php\/wp-json\/wp\/v2\/users\/1"}],"replies":[{"embeddable":true,"href":"https:\/\/blogdoedvaldomagalhaes.com.br\/index.php\/wp-json\/wp\/v2\/comments?post=4551"}],"version-history":[{"count":1,"href":"https:\/\/blogdoedvaldomagalhaes.com.br\/index.php\/wp-json\/wp\/v2\/posts\/4551\/revisions"}],"predecessor-version":[{"id":24570,"href":"https:\/\/blogdoedvaldomagalhaes.com.br\/index.php\/wp-json\/wp\/v2\/posts\/4551\/revisions\/24570"}],"wp:attachment":[{"href":"https:\/\/blogdoedvaldomagalhaes.com.br\/index.php\/wp-json\/wp\/v2\/media?parent=4551"}],"wp:term":[{"taxonomy":"category","embeddable":true,"href":"https:\/\/blogdoedvaldomagalhaes.com.br\/index.php\/wp-json\/wp\/v2\/categories?post=4551"},{"taxonomy":"post_tag","embeddable":true,"href":"https:\/\/blogdoedvaldomagalhaes.com.br\/index.php\/wp-json\/wp\/v2\/tags?post=4551"}],"curies":[{"name":"wp","href":"https:\/\/api.w.org\/{rel}","templated":true}]}}