{"id":45508,"date":"2019-08-20T22:58:33","date_gmt":"2019-08-21T01:58:33","guid":{"rendered":"http:\/\/blogdoedvaldomagalhaes.com.br\/?p=45508"},"modified":"2019-08-20T22:58:36","modified_gmt":"2019-08-21T01:58:36","slug":"museu-do-cordel-comemora-20-anos-em-caruaru-nesta-quarta-21","status":"publish","type":"post","link":"https:\/\/blogdoedvaldomagalhaes.com.br\/index.php\/2019\/08\/20\/museu-do-cordel-comemora-20-anos-em-caruaru-nesta-quarta-21\/","title":{"rendered":"Museu do Cordel comemora 20 anos em Caruaru nesta quarta (21)"},"content":{"rendered":"<p style=\"text-align: justify;\">Nesta quarta-feira (21), o Museu do Cordel Oleg\u00e1rio Fernandes completa 20 anos de fundado. Para celebrar a data, a coordena\u00e7\u00e3o do espa\u00e7o preparou uma programa\u00e7\u00e3o especial, unindo cultura e educa\u00e7\u00e3o. Durante o dia inteiro, poetas, m\u00fasicos, estudantes e intelectuais. Representantes da Funda\u00e7\u00e3o do Patrim\u00f4nio Hist\u00f3rico e Art\u00edstico de Pernambuco (Fundarpe) e do Instituto do Patrim\u00f4nio Hist\u00f3rico e Art\u00edstico Nacional (Iphan) tamb\u00e9m dever\u00e3o prestigiar o evento.<\/p>\n<p style=\"text-align: justify;\">Confira a programa\u00e7\u00e3o completa:<br \/>\nDas 09h \u00e0s 12h<br \/>\n&#8211; Abertura com a palavra do presidente do Museu do Cordel, Oleg\u00e1rio Fernandes Filho;<br \/>\n&#8211; Declama\u00e7\u00f5es com o poeta Paulo Pereira;<br \/>\n&#8211; Performance do poeta e m\u00fasico Allan Sales, do Recife;<br \/>\n&#8211; Homenagem de estudantes<br \/>\n&#8211; Apresenta\u00e7\u00e3o de Davi Geffson, cordelista e declamador.<\/p>\n<p style=\"text-align: justify;\">Das 13h30 \u00e0s 16h<br \/>\n&#8211; Depoimentos dos familiares do poeta Oleg\u00e1rio Fernandes;<br \/>\n&#8211; Banda Forr\u00f3 Cordel;<br \/>\n&#8211; Palestra com o historiador Walmir\u00e9 Dimeron;<br \/>\n&#8211; Palestra da presidente da Academia Caruaruense de Literatura de Cordel (ACLC), Dilma Fran\u00e7a;<br \/>\n&#8211; Homenagem de estudantes.<\/p>\n<p style=\"text-align: justify;\">Hist\u00f3rico<br \/>\nO Museu do Cordel, localizado no Parque 18 de Maio, foi fundado pelo cordelista Oleg\u00e1rio Fernandes no dia 21 de agosto de 1999, desta feita completando 20 anos em 2019. O equipamento, at\u00e9 ent\u00e3o \u00fanico no mundo que se tenha conhecimento, conta com um acervo formado por cord\u00e9is tradicionais, antigos e raros, fotografias de poetas, livros sobre o assunto e m\u00e1quinas de xilogravuras e linogravuras. Oleg\u00e1rio Fernandes morreu em 2002. Desde ent\u00e3o, o Museu do Cordel \u00e9 administrado pelos seus filhos, Oleg\u00e1rio Filho e Maria Bet\u00e2nia.<\/p>\n","protected":false},"excerpt":{"rendered":"<p>Nesta quarta-feira (21), o Museu do Cordel Oleg\u00e1rio Fernandes completa 20 anos de fundado. Para celebrar a data, a coordena\u00e7\u00e3o&hellip;<\/p>\n","protected":false},"author":1,"featured_media":45509,"comment_status":"closed","ping_status":"open","sticky":false,"template":"","format":"standard","meta":{"footnotes":""},"categories":[14120],"tags":[2,15868],"class_list":["post-45508","post","type-post","status-publish","format-standard","has-post-thumbnail","hentry","category-noticias","tag-blog-do-edvaldo-magalhaes","tag-museu-do-cordel-comemora-20-anos-em-caruaru-nesta-quarta-21"],"_links":{"self":[{"href":"https:\/\/blogdoedvaldomagalhaes.com.br\/index.php\/wp-json\/wp\/v2\/posts\/45508","targetHints":{"allow":["GET"]}}],"collection":[{"href":"https:\/\/blogdoedvaldomagalhaes.com.br\/index.php\/wp-json\/wp\/v2\/posts"}],"about":[{"href":"https:\/\/blogdoedvaldomagalhaes.com.br\/index.php\/wp-json\/wp\/v2\/types\/post"}],"author":[{"embeddable":true,"href":"https:\/\/blogdoedvaldomagalhaes.com.br\/index.php\/wp-json\/wp\/v2\/users\/1"}],"replies":[{"embeddable":true,"href":"https:\/\/blogdoedvaldomagalhaes.com.br\/index.php\/wp-json\/wp\/v2\/comments?post=45508"}],"version-history":[{"count":1,"href":"https:\/\/blogdoedvaldomagalhaes.com.br\/index.php\/wp-json\/wp\/v2\/posts\/45508\/revisions"}],"predecessor-version":[{"id":45510,"href":"https:\/\/blogdoedvaldomagalhaes.com.br\/index.php\/wp-json\/wp\/v2\/posts\/45508\/revisions\/45510"}],"wp:featuredmedia":[{"embeddable":true,"href":"https:\/\/blogdoedvaldomagalhaes.com.br\/index.php\/wp-json\/wp\/v2\/media\/45509"}],"wp:attachment":[{"href":"https:\/\/blogdoedvaldomagalhaes.com.br\/index.php\/wp-json\/wp\/v2\/media?parent=45508"}],"wp:term":[{"taxonomy":"category","embeddable":true,"href":"https:\/\/blogdoedvaldomagalhaes.com.br\/index.php\/wp-json\/wp\/v2\/categories?post=45508"},{"taxonomy":"post_tag","embeddable":true,"href":"https:\/\/blogdoedvaldomagalhaes.com.br\/index.php\/wp-json\/wp\/v2\/tags?post=45508"}],"curies":[{"name":"wp","href":"https:\/\/api.w.org\/{rel}","templated":true}]}}