{"id":45505,"date":"2019-08-20T22:41:55","date_gmt":"2019-08-21T01:41:55","guid":{"rendered":"http:\/\/blogdoedvaldomagalhaes.com.br\/?p=45505"},"modified":"2019-08-20T22:41:58","modified_gmt":"2019-08-21T01:41:58","slug":"delegado-erick-lessa-defende-projeto-que-visa-cobrar-ao-preso-o-uso-de-tornozeleira-eletronica","status":"publish","type":"post","link":"https:\/\/blogdoedvaldomagalhaes.com.br\/index.php\/2019\/08\/20\/delegado-erick-lessa-defende-projeto-que-visa-cobrar-ao-preso-o-uso-de-tornozeleira-eletronica\/","title":{"rendered":"Delegado Erick Lessa defende projeto que visa cobrar ao preso o uso de tornozeleira eletr\u00f4nica"},"content":{"rendered":"<p style=\"text-align: justify;\">O deputado estadual Delegado Erick Lessa defendeu na tribuna, na tarde desta ter\u00e7a-feira 20, o projeto de lei n\u00ba 439\/2019. De sua autoria, a proposta tem o objetivo de reduzir os gastos p\u00fablicos autorizando cobran\u00e7a, a t\u00edtulo compensat\u00f3rio, pelo uso de tornozeleiras eletr\u00f4nicas, exceto quando houver comprova\u00e7\u00e3o de falta de condi\u00e7\u00f5es financeiras para arcar com o custo.<\/p>\n<p style=\"text-align: justify;\">No discurso, o deputado ressaltou que o projeto n\u00e3o condiciona o uso da tornozeleira ao pagamento, bem como assegura o pleno exerc\u00edcio dos direitos e o fiel e integral cumprimento de decis\u00f5es judiciais.<\/p>\n<p style=\"text-align: justify;\">Dados da Secretaria Executiva de Ressocializa\u00e7\u00e3o de Pernambuco (SERES) d\u00e3o conta que o valor de cada tornozeleira eletr\u00f4nica em Pernambuco \u00e9 de R$ 236,50. O custo de cada preso na unidade prisional \u00e9 de R$ 1.211, sem contabilizar custos com sa\u00fade, educa\u00e7\u00e3o, guarda patrimonial da Pol\u00edcia Militar e outros itens. Em dois anos, o custo com essa despesa pode chegar a R$ 11 milh\u00f5es e 353 mil com os equipamentos.<\/p>\n<p style=\"text-align: justify;\">Caso o projeto seja aprovado, o dinheiro atualmente gasto com os equipamentos pode ser investido no pr\u00f3prio sistema penitenci\u00e1rio. \u201cA inten\u00e7\u00e3o n\u00e3o \u00e9 retirar direitos, mas respeitar a decis\u00e3o judicial e responsabilizar administrativamente o preso ou apenado por custos adicionais no cumprimento de sua pena mediante utiliza\u00e7\u00e3o de tornozeleira\u201d, declara Lessa.<\/p>\n<p style=\"text-align: justify;\">Dados da SERES mostram que Pernambuco possui uma popula\u00e7\u00e3o carcer\u00e1ria de 33.941 presos. Utilizar as tornozeleiras \u00e9 uma medida alternativa \u00e0 priva\u00e7\u00e3o de liberdade. Atualmente, Pernambuco tem a capacidade mensal de realizar 4 mil monitoramentos.<\/p>\n<p style=\"text-align: justify;\">Estados como Paran\u00e1, Rio Grande do Norte e Cear\u00e1 possuem leis parecidas, que instituem a cobran\u00e7a ao apenado pelo uso do equipamento. \u201cCuidamos para que em Pernambuco o projeto esteja plenamente alinhado com a Constitui\u00e7\u00e3o e o anseio popular\u201d, conclui o deputado.<\/p>\n<p style=\"text-align: justify;\">Foto: Viliane Gomes.<\/p>\n","protected":false},"excerpt":{"rendered":"<p>O deputado estadual Delegado Erick Lessa defendeu na tribuna, na tarde desta ter\u00e7a-feira 20, o projeto de lei n\u00ba 439\/2019.&hellip;<\/p>\n","protected":false},"author":1,"featured_media":45506,"comment_status":"closed","ping_status":"open","sticky":false,"template":"","format":"standard","meta":{"footnotes":""},"categories":[14122],"tags":[2,15867],"class_list":["post-45505","post","type-post","status-publish","format-standard","has-post-thumbnail","hentry","category-politica","tag-blog-do-edvaldo-magalhaes","tag-delegado-erick-lessa-defende-projeto-que-visa-cobrar-ao-preso-o-uso-de-tornozeleira-eletronica"],"_links":{"self":[{"href":"https:\/\/blogdoedvaldomagalhaes.com.br\/index.php\/wp-json\/wp\/v2\/posts\/45505","targetHints":{"allow":["GET"]}}],"collection":[{"href":"https:\/\/blogdoedvaldomagalhaes.com.br\/index.php\/wp-json\/wp\/v2\/posts"}],"about":[{"href":"https:\/\/blogdoedvaldomagalhaes.com.br\/index.php\/wp-json\/wp\/v2\/types\/post"}],"author":[{"embeddable":true,"href":"https:\/\/blogdoedvaldomagalhaes.com.br\/index.php\/wp-json\/wp\/v2\/users\/1"}],"replies":[{"embeddable":true,"href":"https:\/\/blogdoedvaldomagalhaes.com.br\/index.php\/wp-json\/wp\/v2\/comments?post=45505"}],"version-history":[{"count":1,"href":"https:\/\/blogdoedvaldomagalhaes.com.br\/index.php\/wp-json\/wp\/v2\/posts\/45505\/revisions"}],"predecessor-version":[{"id":45507,"href":"https:\/\/blogdoedvaldomagalhaes.com.br\/index.php\/wp-json\/wp\/v2\/posts\/45505\/revisions\/45507"}],"wp:featuredmedia":[{"embeddable":true,"href":"https:\/\/blogdoedvaldomagalhaes.com.br\/index.php\/wp-json\/wp\/v2\/media\/45506"}],"wp:attachment":[{"href":"https:\/\/blogdoedvaldomagalhaes.com.br\/index.php\/wp-json\/wp\/v2\/media?parent=45505"}],"wp:term":[{"taxonomy":"category","embeddable":true,"href":"https:\/\/blogdoedvaldomagalhaes.com.br\/index.php\/wp-json\/wp\/v2\/categories?post=45505"},{"taxonomy":"post_tag","embeddable":true,"href":"https:\/\/blogdoedvaldomagalhaes.com.br\/index.php\/wp-json\/wp\/v2\/tags?post=45505"}],"curies":[{"name":"wp","href":"https:\/\/api.w.org\/{rel}","templated":true}]}}