{"id":45500,"date":"2019-08-20T20:37:03","date_gmt":"2019-08-20T23:37:03","guid":{"rendered":"http:\/\/blogdoedvaldomagalhaes.com.br\/?p=45500"},"modified":"2019-08-20T21:20:29","modified_gmt":"2019-08-21T00:20:29","slug":"programacao-do-desfile-civico-de-7-de-setembro-com-novo-percurso-em-caruaru","status":"publish","type":"post","link":"https:\/\/blogdoedvaldomagalhaes.com.br\/index.php\/2019\/08\/20\/programacao-do-desfile-civico-de-7-de-setembro-com-novo-percurso-em-caruaru\/","title":{"rendered":"Programa\u00e7\u00e3o do Desfile C\u00edvico de 7 de Setembro com novo percurso em Caruaru"},"content":{"rendered":"<p style=\"text-align: justify;\"><span style=\"font-size: inherit;\">Neste ano, o desfile ter\u00e1 um novo percurso, come\u00e7ando pela Pra\u00e7a da Crian\u00e7a.<\/span><\/p>\n<p style=\"text-align: justify;\">A Prefeitura de Caruaru, por meio da Secretaria de Educa\u00e7\u00e3o, promover\u00e1 o Desfile C\u00edvico de 7 de setembro, que traz como tema: \u201cCaruaru fazendo o futuro agora\u201d. Neste ano, o desfile ter\u00e1 um novo percurso, come\u00e7ando pela Pra\u00e7a da Crian\u00e7a, no bairro Nossa Senhora das Dores.<\/p>\n<p style=\"text-align: justify;\">A programa\u00e7\u00e3o oficial ser\u00e1 iniciada \u00e0s 8h, quando a prefeita Raquel Lyra, acompanhada de autoridades locais, far\u00e1 o hasteamento das bandeiras, em frente ao Grande Hotel. Logo ap\u00f3s, as 8h30, mais de 7 mil desfilantes sair\u00e3o da Pra\u00e7a da Crian\u00e7a pelas ruas Cleto Campelo, Avenida Manoel de Freitas e Frei Caneca para celebrar a Independ\u00eancia do Brasil. A dispers\u00e3o ser\u00e1 na Rua Deputado Souto Filho.<\/p>\n<p>Foto: Blog do Edvaldo Magalh\u00e3es\/Arquivo.<\/p>\n","protected":false},"excerpt":{"rendered":"<p>Neste ano, o desfile ter\u00e1 um novo percurso, come\u00e7ando pela Pra\u00e7a da Crian\u00e7a. A Prefeitura de Caruaru, por meio da&hellip;<\/p>\n","protected":false},"author":1,"featured_media":45501,"comment_status":"closed","ping_status":"open","sticky":false,"template":"","format":"standard","meta":{"footnotes":""},"categories":[14120],"tags":[2,15866],"class_list":["post-45500","post","type-post","status-publish","format-standard","has-post-thumbnail","hentry","category-noticias","tag-blog-do-edvaldo-magalhaes","tag-programacao-do-desfile-civico-de-7-de-setembro-com-novo-percurso-em-caruaru"],"_links":{"self":[{"href":"https:\/\/blogdoedvaldomagalhaes.com.br\/index.php\/wp-json\/wp\/v2\/posts\/45500","targetHints":{"allow":["GET"]}}],"collection":[{"href":"https:\/\/blogdoedvaldomagalhaes.com.br\/index.php\/wp-json\/wp\/v2\/posts"}],"about":[{"href":"https:\/\/blogdoedvaldomagalhaes.com.br\/index.php\/wp-json\/wp\/v2\/types\/post"}],"author":[{"embeddable":true,"href":"https:\/\/blogdoedvaldomagalhaes.com.br\/index.php\/wp-json\/wp\/v2\/users\/1"}],"replies":[{"embeddable":true,"href":"https:\/\/blogdoedvaldomagalhaes.com.br\/index.php\/wp-json\/wp\/v2\/comments?post=45500"}],"version-history":[{"count":3,"href":"https:\/\/blogdoedvaldomagalhaes.com.br\/index.php\/wp-json\/wp\/v2\/posts\/45500\/revisions"}],"predecessor-version":[{"id":45504,"href":"https:\/\/blogdoedvaldomagalhaes.com.br\/index.php\/wp-json\/wp\/v2\/posts\/45500\/revisions\/45504"}],"wp:featuredmedia":[{"embeddable":true,"href":"https:\/\/blogdoedvaldomagalhaes.com.br\/index.php\/wp-json\/wp\/v2\/media\/45501"}],"wp:attachment":[{"href":"https:\/\/blogdoedvaldomagalhaes.com.br\/index.php\/wp-json\/wp\/v2\/media?parent=45500"}],"wp:term":[{"taxonomy":"category","embeddable":true,"href":"https:\/\/blogdoedvaldomagalhaes.com.br\/index.php\/wp-json\/wp\/v2\/categories?post=45500"},{"taxonomy":"post_tag","embeddable":true,"href":"https:\/\/blogdoedvaldomagalhaes.com.br\/index.php\/wp-json\/wp\/v2\/tags?post=45500"}],"curies":[{"name":"wp","href":"https:\/\/api.w.org\/{rel}","templated":true}]}}