{"id":455,"date":"2018-12-11T18:30:00","date_gmt":"2018-12-11T20:30:00","guid":{"rendered":"http:\/\/blogdoedvaldomagalhaes.com.br\/index.php\/2018\/12\/11\/judoca-de-caruaru-disputa-vaga-na\/"},"modified":"2019-02-09T02:45:45","modified_gmt":"2019-02-09T04:45:45","slug":"judoca-de-caruaru-disputa-vaga-na","status":"publish","type":"post","link":"https:\/\/blogdoedvaldomagalhaes.com.br\/index.php\/2018\/12\/11\/judoca-de-caruaru-disputa-vaga-na\/","title":{"rendered":"Judoca de Caruaru disputa vaga na sele\u00e7\u00e3o brasileira"},"content":{"rendered":"<div class=\"separator\" style=\"clear: both; text-align: center;\">\n<a href=\"https:\/\/2.bp.blogspot.com\/-DDQJKZFAVQg\/XBAA4IfGy4I\/AAAAAAAA_nc\/StiBybFoa2U8G-Pfa_MPSvNPR-8o-khVwCLcBGAs\/s1600\/IMG-20181211-WA0177.jpg\" imageanchor=\"1\" style=\"margin-left: 1em; margin-right: 1em;\"><img loading=\"lazy\" decoding=\"async\" border=\"0\" data-original-height=\"960\" data-original-width=\"1280\" height=\"480\" src=\"http:\/\/blogdoedvaldomagalhaes.com.br\/wp-content\/uploads\/2018\/12\/IMG-20181211-WA0177.jpg\" width=\"640\" \/><\/a><\/div>\n<p><\/p>\n<div class=\"separator\" style=\"clear: both; text-align: center;\">\n<a href=\"https:\/\/2.bp.blogspot.com\/-BU33P_zEiyk\/XBAA8ODOvvI\/AAAAAAAA_ng\/bKLYBKnUhmQV_aceWOW1x_3KwEBuyfIQgCLcBGAs\/s1600\/IMG-20181211-WA0178.jpg\" imageanchor=\"1\" style=\"margin-left: 1em; margin-right: 1em;\"><img loading=\"lazy\" decoding=\"async\" border=\"0\" data-original-height=\"746\" data-original-width=\"716\" height=\"640\" src=\"http:\/\/blogdoedvaldomagalhaes.com.br\/wp-content\/uploads\/2018\/12\/IMG-20181211-WA0178.jpg\" width=\"614\" \/><\/a><\/div>\n<p><\/p>\n<div class=\"separator\" style=\"clear: both; text-align: center;\">\n<a href=\"https:\/\/2.bp.blogspot.com\/-F2NVykl54BA\/XBAA-OAmDbI\/AAAAAAAA_nk\/fWLuLM85ssonFXafURm3MNYMayfhqQrRQCLcBGAs\/s1600\/IMG-20181211-WA0179.jpg\" imageanchor=\"1\" style=\"margin-left: 1em; margin-right: 1em;\"><img loading=\"lazy\" decoding=\"async\" border=\"0\" data-original-height=\"960\" data-original-width=\"720\" height=\"640\" src=\"http:\/\/blogdoedvaldomagalhaes.com.br\/wp-content\/uploads\/2018\/12\/IMG-20181211-WA0179.jpg\" width=\"480\" \/><\/a><\/div>\n<div class=\"separator\" style=\"clear: both; text-align: center;\">\n<\/div>\n<div class=\"separator\" style=\"clear: both; text-align: justify;\">\nA atleta Juliana Greg\u00f3rio do Projeto Futuro de Ouro embarca nesta ter\u00e7a-feira (11), para disputar a Seletiva T\u00f3quio 2020, no Centro Panamericano de Jud\u00f4, Lauro de Freitas-BA. Ela tamb\u00e9m foi convocada para assistir &nbsp;o desafio BrasilxJapao e participar do treinamento com as duas sele\u00e7\u00f5es.&nbsp;Ela e aluna do Prof JURU.<\/div>\n<div class=\"separator\" style=\"clear: both; text-align: justify;\">\n<\/div>\n","protected":false},"excerpt":{"rendered":"<p>A atleta Juliana Greg\u00f3rio do Projeto Futuro de Ouro embarca nesta ter\u00e7a-feira (11), para disputar a Seletiva T\u00f3quio 2020, no&hellip;<\/p>\n","protected":false},"author":1,"featured_media":0,"comment_status":"open","ping_status":"open","sticky":false,"template":"","format":"standard","meta":{"footnotes":""},"categories":[1],"tags":[2,361,6],"class_list":["post-455","post","type-post","status-publish","format-standard","hentry","category-sem-categoria","tag-blog-do-edvaldo-magalhaes","tag-judoca-de-caruaru-disputa-vaga-na-selecao-brasileira","tag-noticias"],"_links":{"self":[{"href":"https:\/\/blogdoedvaldomagalhaes.com.br\/index.php\/wp-json\/wp\/v2\/posts\/455","targetHints":{"allow":["GET"]}}],"collection":[{"href":"https:\/\/blogdoedvaldomagalhaes.com.br\/index.php\/wp-json\/wp\/v2\/posts"}],"about":[{"href":"https:\/\/blogdoedvaldomagalhaes.com.br\/index.php\/wp-json\/wp\/v2\/types\/post"}],"author":[{"embeddable":true,"href":"https:\/\/blogdoedvaldomagalhaes.com.br\/index.php\/wp-json\/wp\/v2\/users\/1"}],"replies":[{"embeddable":true,"href":"https:\/\/blogdoedvaldomagalhaes.com.br\/index.php\/wp-json\/wp\/v2\/comments?post=455"}],"version-history":[{"count":1,"href":"https:\/\/blogdoedvaldomagalhaes.com.br\/index.php\/wp-json\/wp\/v2\/posts\/455\/revisions"}],"predecessor-version":[{"id":36741,"href":"https:\/\/blogdoedvaldomagalhaes.com.br\/index.php\/wp-json\/wp\/v2\/posts\/455\/revisions\/36741"}],"wp:attachment":[{"href":"https:\/\/blogdoedvaldomagalhaes.com.br\/index.php\/wp-json\/wp\/v2\/media?parent=455"}],"wp:term":[{"taxonomy":"category","embeddable":true,"href":"https:\/\/blogdoedvaldomagalhaes.com.br\/index.php\/wp-json\/wp\/v2\/categories?post=455"},{"taxonomy":"post_tag","embeddable":true,"href":"https:\/\/blogdoedvaldomagalhaes.com.br\/index.php\/wp-json\/wp\/v2\/tags?post=455"}],"curies":[{"name":"wp","href":"https:\/\/api.w.org\/{rel}","templated":true}]}}